{"id":21465,"date":"2021-06-01T09:52:27","date_gmt":"2021-06-01T09:52:27","guid":{"rendered":"https:\/\/blogdorogeriogomes.com.br\/?p=21465"},"modified":"2021-06-02T14:20:14","modified_gmt":"2021-06-02T14:20:14","slug":"vereadores-de-fortaleza-voltam-a-ter-sessoes-presenciais-nesta-quarta-feira","status":"publish","type":"post","link":"https:\/\/blogdorogeriogomes.com.br\/noticias\/2021\/06\/vereadores-de-fortaleza-voltam-a-ter-sessoes-presenciais-nesta-quarta-feira\/","title":{"rendered":"Vereadores de Fortaleza voltam a ter sess\u00f5es presenciais nesta quarta-feira"},"content":{"rendered":"\n<p>A C\u00e2mara Municipal de Fortaleza volta a ter sess\u00f5es presenciais, a partir desta quarta-feira, dia 2 de junho. A Mesa Diretora decidiu adotar o formato h\u00edbrido, quando parte dos vereadores fica em plen\u00e1rio e outra parte acompanha a sess\u00e3o virtualmente. As sess\u00f5es presenciais acontecer\u00e3o \u00e0s quartas e quintas-feiras, com   a presen\u00e7a de 20 vereadores no Plen\u00e1rio.<\/p>\n\n\n\n<p>&#8220;Todos n\u00f3s estamos trabalhando para que esse retorno \u00e0 nossa sede ocorra conforme os par\u00e2metros sanit\u00e1rios, com foco na garantia do trabalho legislativo e tamb\u00e9m na preserva\u00e7\u00e3o das vidas\u201d, disse o presidente da C\u00e2mara Municipal de Fortaleza, Ant\u00f4nio Henrique (PDT).<\/p>\n\n\n\n<p>Do total de 43 vereadores da C\u00e2mara Municipal de Fortaleza, 14 confirmaram que receberam pelo menos uma dose da vacina contra Covid-19 e 18 vereadores tem mais de 60 anos e\/ou comorbidade.<\/p>\n\n\n\n<figure class=\"wp-block-image size-large\"><img loading=\"lazy\" decoding=\"async\" width=\"541\" height=\"452\" src=\"https:\/\/blogdorogeriogomes.com.br\/wp-content\/uploads\/2021\/06\/images-122.jpeg\" alt=\"\" class=\"wp-image-21466\" srcset=\"https:\/\/blogdorogeriogomes.com.br\/noticias\/wp-content\/uploads\/2021\/06\/images-122.jpeg 541w, https:\/\/blogdorogeriogomes.com.br\/noticias\/wp-content\/uploads\/2021\/06\/images-122-300x251.jpeg 300w\" sizes=\"auto, (max-width: 541px) 100vw, 541px\" \/><\/figure>\n","protected":false},"excerpt":{"rendered":"<p>A C\u00e2mara Municipal de Fortaleza volta a ter sess\u00f5es presenciais, a partir desta quarta-feira, dia 2 de junho. A Mesa Diretora decidiu adotar o formato h\u00edbrido, quando parte dos vereadores fica em plen\u00e1rio e outra parte acompanha a sess\u00e3o virtualmente. As sess\u00f5es presenciais acontecer\u00e3o \u00e0s quartas e quintas-feiras, com a presen\u00e7a de 20 vereadores no Plen\u00e1rio. &#8220;Todos n\u00f3s estamos trabalhando para que esse retorno \u00e0 nossa sede ocorra conforme os par\u00e2metros sanit\u00e1rios, com foco na garantia do trabalho legislativo&hellip;<\/p>\n","protected":false},"author":1,"featured_media":21466,"comment_status":"open","ping_status":"open","sticky":false,"template":"","format":"standard","meta":{"footnotes":""},"categories":[1],"tags":[],"class_list":["post-21465","post","type-post","status-publish","format-standard","has-post-thumbnail","hentry","category-noticias"],"_links":{"self":[{"href":"https:\/\/blogdorogeriogomes.com.br\/noticias\/wp-json\/wp\/v2\/posts\/21465","targetHints":{"allow":["GET"]}}],"collection":[{"href":"https:\/\/blogdorogeriogomes.com.br\/noticias\/wp-json\/wp\/v2\/posts"}],"about":[{"href":"https:\/\/blogdorogeriogomes.com.br\/noticias\/wp-json\/wp\/v2\/types\/post"}],"author":[{"embeddable":true,"href":"https:\/\/blogdorogeriogomes.com.br\/noticias\/wp-json\/wp\/v2\/users\/1"}],"replies":[{"embeddable":true,"href":"https:\/\/blogdorogeriogomes.com.br\/noticias\/wp-json\/wp\/v2\/comments?post=21465"}],"version-history":[{"count":1,"href":"https:\/\/blogdorogeriogomes.com.br\/noticias\/wp-json\/wp\/v2\/posts\/21465\/revisions"}],"predecessor-version":[{"id":21467,"href":"https:\/\/blogdorogeriogomes.com.br\/noticias\/wp-json\/wp\/v2\/posts\/21465\/revisions\/21467"}],"wp:featuredmedia":[{"embeddable":true,"href":"https:\/\/blogdorogeriogomes.com.br\/noticias\/wp-json\/wp\/v2\/media\/21466"}],"wp:attachment":[{"href":"https:\/\/blogdorogeriogomes.com.br\/noticias\/wp-json\/wp\/v2\/media?parent=21465"}],"wp:term":[{"taxonomy":"category","embeddable":true,"href":"https:\/\/blogdorogeriogomes.com.br\/noticias\/wp-json\/wp\/v2\/categories?post=21465"},{"taxonomy":"post_tag","embeddable":true,"href":"https:\/\/blogdorogeriogomes.com.br\/noticias\/wp-json\/wp\/v2\/tags?post=21465"}],"curies":[{"name":"wp","href":"https:\/\/api.w.org\/{rel}","templated":true}]}}