{"id":21468,"date":"2021-06-01T10:04:44","date_gmt":"2021-06-01T10:04:44","guid":{"rendered":"https:\/\/blogdorogeriogomes.com.br\/?p=21468"},"modified":"2021-06-02T14:20:02","modified_gmt":"2021-06-02T14:20:02","slug":"pgr-denuncia-ricardo-salles-ao-stf-e-situacao-do-ministro-do-meio-ambiente-se-complica","status":"publish","type":"post","link":"https:\/\/blogdorogeriogomes.com.br\/noticias\/2021\/06\/pgr-denuncia-ricardo-salles-ao-stf-e-situacao-do-ministro-do-meio-ambiente-se-complica\/","title":{"rendered":"PGR denuncia Ricardo Salles ao STF e situa\u00e7\u00e3o do Ministro do Meio Ambiente se complica"},"content":{"rendered":"\n<p>Homem de confian\u00e7a do presidente Jair Bolsonaro, a situa\u00e7\u00e3o do ministro do Meio Ambiente, Ricardo Salles, vai se complicando. A Procuradoria-Geral da Rep\u00fablica (PGR) pediu nesta segunda-feira, dia 31 de maio, a abertura de inqu\u00e9rito para investigar Ricardo Salles, sob a suspeita dos crimes de advocacia administrativa, dificultar a fiscaliza\u00e7\u00e3o ambiental e embara\u00e7ar a investiga\u00e7\u00e3o de infra\u00e7\u00e3o que envolva organiza\u00e7\u00e3o criminosa.<\/p>\n\n\n\n<p>Assinado pelo vice-procurador-geral da Rep\u00fablica, Humberto Jacques de Medeiros, o pedido foi enviado \u00e0 ministra C\u00e1rmen L\u00facia, relatora no Supremo Tribunal Federal (STF) de representa\u00e7\u00f5es que apontam irregularidades na conduta de Salles e outros servidores ligados \u00e0 pasta.<\/p>\n\n\n\n<p>Salles j\u00e1 \u00e9 alvo de um inqu\u00e9rito no Supremo, sob a relatoria do ministro Alexandre de Moraes, sobre suspeita de facilita\u00e7\u00e3o a exporta\u00e7\u00e3o ilegal de madeira.<\/p>\n\n\n\n<figure class=\"wp-block-image size-large\"><img loading=\"lazy\" decoding=\"async\" width=\"768\" height=\"512\" src=\"https:\/\/blogdorogeriogomes.com.br\/wp-content\/uploads\/2021\/06\/1613516410602c4e7a2b9de_1613516410_3x2_md.jpg\" alt=\"\" class=\"wp-image-21469\" srcset=\"https:\/\/blogdorogeriogomes.com.br\/noticias\/wp-content\/uploads\/2021\/06\/1613516410602c4e7a2b9de_1613516410_3x2_md.jpg 768w, https:\/\/blogdorogeriogomes.com.br\/noticias\/wp-content\/uploads\/2021\/06\/1613516410602c4e7a2b9de_1613516410_3x2_md-300x200.jpg 300w\" sizes=\"auto, (max-width: 768px) 100vw, 768px\" \/><\/figure>\n","protected":false},"excerpt":{"rendered":"<p>Homem de confian\u00e7a do presidente Jair Bolsonaro, a situa\u00e7\u00e3o do ministro do Meio Ambiente, Ricardo Salles, vai se complicando. A Procuradoria-Geral da Rep\u00fablica (PGR) pediu nesta segunda-feira, dia 31 de maio, a abertura de inqu\u00e9rito para investigar Ricardo Salles, sob a suspeita dos crimes de advocacia administrativa, dificultar a fiscaliza\u00e7\u00e3o ambiental e embara\u00e7ar a investiga\u00e7\u00e3o de infra\u00e7\u00e3o que envolva organiza\u00e7\u00e3o criminosa. Assinado pelo vice-procurador-geral da Rep\u00fablica, Humberto Jacques de Medeiros, o pedido foi enviado \u00e0 ministra C\u00e1rmen L\u00facia, relatora&hellip;<\/p>\n","protected":false},"author":1,"featured_media":21469,"comment_status":"open","ping_status":"open","sticky":false,"template":"","format":"standard","meta":{"footnotes":""},"categories":[1],"tags":[],"class_list":["post-21468","post","type-post","status-publish","format-standard","has-post-thumbnail","hentry","category-noticias"],"_links":{"self":[{"href":"https:\/\/blogdorogeriogomes.com.br\/noticias\/wp-json\/wp\/v2\/posts\/21468","targetHints":{"allow":["GET"]}}],"collection":[{"href":"https:\/\/blogdorogeriogomes.com.br\/noticias\/wp-json\/wp\/v2\/posts"}],"about":[{"href":"https:\/\/blogdorogeriogomes.com.br\/noticias\/wp-json\/wp\/v2\/types\/post"}],"author":[{"embeddable":true,"href":"https:\/\/blogdorogeriogomes.com.br\/noticias\/wp-json\/wp\/v2\/users\/1"}],"replies":[{"embeddable":true,"href":"https:\/\/blogdorogeriogomes.com.br\/noticias\/wp-json\/wp\/v2\/comments?post=21468"}],"version-history":[{"count":1,"href":"https:\/\/blogdorogeriogomes.com.br\/noticias\/wp-json\/wp\/v2\/posts\/21468\/revisions"}],"predecessor-version":[{"id":21470,"href":"https:\/\/blogdorogeriogomes.com.br\/noticias\/wp-json\/wp\/v2\/posts\/21468\/revisions\/21470"}],"wp:featuredmedia":[{"embeddable":true,"href":"https:\/\/blogdorogeriogomes.com.br\/noticias\/wp-json\/wp\/v2\/media\/21469"}],"wp:attachment":[{"href":"https:\/\/blogdorogeriogomes.com.br\/noticias\/wp-json\/wp\/v2\/media?parent=21468"}],"wp:term":[{"taxonomy":"category","embeddable":true,"href":"https:\/\/blogdorogeriogomes.com.br\/noticias\/wp-json\/wp\/v2\/categories?post=21468"},{"taxonomy":"post_tag","embeddable":true,"href":"https:\/\/blogdorogeriogomes.com.br\/noticias\/wp-json\/wp\/v2\/tags?post=21468"}],"curies":[{"name":"wp","href":"https:\/\/api.w.org\/{rel}","templated":true}]}}