{"id":21471,"date":"2021-06-01T15:23:43","date_gmt":"2021-06-01T15:23:43","guid":{"rendered":"https:\/\/blogdorogeriogomes.com.br\/?p=21471"},"modified":"2021-06-02T14:19:45","modified_gmt":"2021-06-02T14:19:45","slug":"governo-do-ceara-adianta-a-primeira-parcela-do-13o-salario-de-servidores-para-21-de-junho","status":"publish","type":"post","link":"https:\/\/blogdorogeriogomes.com.br\/noticias\/2021\/06\/governo-do-ceara-adianta-a-primeira-parcela-do-13o-salario-de-servidores-para-21-de-junho\/","title":{"rendered":"Governo do Cear\u00e1 adianta a primeira parcela do 13\u00ba sal\u00e1rio de servidores para 21 de junho"},"content":{"rendered":"\n<p>O governador Camilo Santana (PT) anunciou nesta ter\u00e7a-feira, dia 1\u00ba de junho, que o pagamento da primeira parcela do 13\u00ba sal\u00e1rio dos servidores p\u00fablicos estaduais de 2021 ser\u00e1 no dia 21 de junho. Camilo informou a novidade ao lado da secret\u00e1ria da Fazenda do Cear\u00e1, Fernanda Pacobahyba. A data vale para o pagamento de servidores ativos e inativos.<\/p>\n\n\n\n<p>Diante do cen\u00e1rio de pandemia, a remunera\u00e7\u00e3o foi atecipada em um m\u00eas. O pagamento envolve aplica\u00e7\u00e3o de R$ 500 milh\u00f5es na economia estadual, contemplando cerca de 130 mil trabalhadores. O governo prev\u00ea o total de R$ 2,5 bilh\u00f5es injetados no Estado em junho.<\/p>\n\n\n\n<p>Camilo explicou que a antecipa\u00e7\u00e3o ocorre &#8220;para que a gente possa exatamente n\u00e3o s\u00f3 garantir essa inje\u00e7\u00e3o de recurso na economia, mas o mais importante, aquecer (a economia), nesse momento que n\u00f3s tanto precisamos e gerar empregos, gerar oportunidade&#8221;.<\/p>\n\n\n\n<figure class=\"wp-block-image size-large\"><img loading=\"lazy\" decoding=\"async\" width=\"650\" height=\"472\" src=\"https:\/\/blogdorogeriogomes.com.br\/wp-content\/uploads\/2021\/06\/images-13.jpeg\" alt=\"\" class=\"wp-image-21472\" srcset=\"https:\/\/blogdorogeriogomes.com.br\/noticias\/wp-content\/uploads\/2021\/06\/images-13.jpeg 650w, https:\/\/blogdorogeriogomes.com.br\/noticias\/wp-content\/uploads\/2021\/06\/images-13-300x218.jpeg 300w\" sizes=\"auto, (max-width: 650px) 100vw, 650px\" \/><\/figure>\n","protected":false},"excerpt":{"rendered":"<p>O governador Camilo Santana (PT) anunciou nesta ter\u00e7a-feira, dia 1\u00ba de junho, que o pagamento da primeira parcela do 13\u00ba sal\u00e1rio dos servidores p\u00fablicos estaduais de 2021 ser\u00e1 no dia 21 de junho. Camilo informou a novidade ao lado da secret\u00e1ria da Fazenda do Cear\u00e1, Fernanda Pacobahyba. A data vale para o pagamento de servidores ativos e inativos. Diante do cen\u00e1rio de pandemia, a remunera\u00e7\u00e3o foi atecipada em um m\u00eas. O pagamento envolve aplica\u00e7\u00e3o de R$ 500 milh\u00f5es na&hellip;<\/p>\n","protected":false},"author":1,"featured_media":21472,"comment_status":"open","ping_status":"open","sticky":false,"template":"","format":"standard","meta":{"footnotes":""},"categories":[1],"tags":[],"class_list":["post-21471","post","type-post","status-publish","format-standard","has-post-thumbnail","hentry","category-noticias"],"_links":{"self":[{"href":"https:\/\/blogdorogeriogomes.com.br\/noticias\/wp-json\/wp\/v2\/posts\/21471","targetHints":{"allow":["GET"]}}],"collection":[{"href":"https:\/\/blogdorogeriogomes.com.br\/noticias\/wp-json\/wp\/v2\/posts"}],"about":[{"href":"https:\/\/blogdorogeriogomes.com.br\/noticias\/wp-json\/wp\/v2\/types\/post"}],"author":[{"embeddable":true,"href":"https:\/\/blogdorogeriogomes.com.br\/noticias\/wp-json\/wp\/v2\/users\/1"}],"replies":[{"embeddable":true,"href":"https:\/\/blogdorogeriogomes.com.br\/noticias\/wp-json\/wp\/v2\/comments?post=21471"}],"version-history":[{"count":1,"href":"https:\/\/blogdorogeriogomes.com.br\/noticias\/wp-json\/wp\/v2\/posts\/21471\/revisions"}],"predecessor-version":[{"id":21473,"href":"https:\/\/blogdorogeriogomes.com.br\/noticias\/wp-json\/wp\/v2\/posts\/21471\/revisions\/21473"}],"wp:featuredmedia":[{"embeddable":true,"href":"https:\/\/blogdorogeriogomes.com.br\/noticias\/wp-json\/wp\/v2\/media\/21472"}],"wp:attachment":[{"href":"https:\/\/blogdorogeriogomes.com.br\/noticias\/wp-json\/wp\/v2\/media?parent=21471"}],"wp:term":[{"taxonomy":"category","embeddable":true,"href":"https:\/\/blogdorogeriogomes.com.br\/noticias\/wp-json\/wp\/v2\/categories?post=21471"},{"taxonomy":"post_tag","embeddable":true,"href":"https:\/\/blogdorogeriogomes.com.br\/noticias\/wp-json\/wp\/v2\/tags?post=21471"}],"curies":[{"name":"wp","href":"https:\/\/api.w.org\/{rel}","templated":true}]}}