{"id":21477,"date":"2021-06-01T23:01:26","date_gmt":"2021-06-01T23:01:26","guid":{"rendered":"https:\/\/blogdorogeriogomes.com.br\/?p=21477"},"modified":"2021-06-02T14:19:17","modified_gmt":"2021-06-02T14:19:17","slug":"bolsonaro-confirma-copa-america-com-jogos-em-tres-estados-e-no-df-competicao-ainda-pode-ser-barrada-pelo-stf","status":"publish","type":"post","link":"https:\/\/blogdorogeriogomes.com.br\/noticias\/2021\/06\/bolsonaro-confirma-copa-america-com-jogos-em-tres-estados-e-no-df-competicao-ainda-pode-ser-barrada-pelo-stf\/","title":{"rendered":"Bolsonaro confirma Copa Am\u00e9rica com jogos em tr\u00eas estados e no DF. Competi\u00e7\u00e3o ainda pode ser barrada pelo STF"},"content":{"rendered":"\n<p>O presidente Jair Bolsonaro confirmou nesta ter\u00e7a-feira, dia 1\u00b0 de junho, que o Brasil ir\u00e1 sediar a Copa Am\u00e9rica, prevista para ter in\u00edcio em 13 de junho.<br>O ministro da Casa Civil, Luiz Eduardo Ramos, informou que os tr\u00eas estados, Rio de Janeiro, Mato Grosso e Goi\u00e1s, al\u00e9m do Distrito Federal devem ser as sedes da competi\u00e7\u00e3o. O governador de S\u00e3o Paulo, Jo\u00e3o D\u00f3ria, que ofereceu a oportunidade do Estado sediar jogos, desistiu da ideia ap\u00f3s a repercuss\u00e3o negativa.<\/p>\n\n\n\n<p>Argentina e Col\u00f4mbia que iriam sediar a Copa Am\u00e9rica, anteriormente, abriram m\u00e3o do torneio por causa do agravamento da pandemia da Covid-19.<\/p>\n\n\n\n<p>Especialistas em sa\u00fade criticaram a escolha do Brasil em meio \u00e0 pandemia. O Pa\u00eds soma mais de 463 mil mortes por Covid, al\u00e9m de 16,5 milh\u00f5es de casos confirmados da doen\u00e7a.<\/p>\n\n\n\n<p>O PT entrou com um pedido para o Supremo Tribunal Federal barrar a Copa Am\u00e9rica no Brasil. O ministro do STF, Ricardo Lewandowski, assinou um despacho em que pede ao presidente Jair Bolsonaro mais informa\u00e7\u00f5es sobre a realiza\u00e7\u00e3o do torneio no Pa\u00eds diante &#8220;da import\u00e2ncia da mat\u00e9ria e a emerg\u00eancia de sa\u00fade p\u00fablica decorrente do surto do coronav\u00edrus&#8221;.<\/p>\n\n\n\n<figure class=\"wp-block-image size-large\"><img loading=\"lazy\" decoding=\"async\" width=\"679\" height=\"452\" src=\"https:\/\/blogdorogeriogomes.com.br\/wp-content\/uploads\/2021\/06\/images-15.jpeg\" alt=\"\" class=\"wp-image-21478\" srcset=\"https:\/\/blogdorogeriogomes.com.br\/noticias\/wp-content\/uploads\/2021\/06\/images-15.jpeg 679w, https:\/\/blogdorogeriogomes.com.br\/noticias\/wp-content\/uploads\/2021\/06\/images-15-300x200.jpeg 300w\" sizes=\"auto, (max-width: 679px) 100vw, 679px\" \/><\/figure>\n\n\n\n<p><br><\/p>\n","protected":false},"excerpt":{"rendered":"<p>O presidente Jair Bolsonaro confirmou nesta ter\u00e7a-feira, dia 1\u00b0 de junho, que o Brasil ir\u00e1 sediar a Copa Am\u00e9rica, prevista para ter in\u00edcio em 13 de junho.O ministro da Casa Civil, Luiz Eduardo Ramos, informou que os tr\u00eas estados, Rio de Janeiro, Mato Grosso e Goi\u00e1s, al\u00e9m do Distrito Federal devem ser as sedes da competi\u00e7\u00e3o. O governador de S\u00e3o Paulo, Jo\u00e3o D\u00f3ria, que ofereceu a oportunidade do Estado sediar jogos, desistiu da ideia ap\u00f3s a repercuss\u00e3o negativa. Argentina&hellip;<\/p>\n","protected":false},"author":1,"featured_media":21478,"comment_status":"open","ping_status":"open","sticky":false,"template":"","format":"standard","meta":{"footnotes":""},"categories":[1],"tags":[],"class_list":["post-21477","post","type-post","status-publish","format-standard","has-post-thumbnail","hentry","category-noticias"],"_links":{"self":[{"href":"https:\/\/blogdorogeriogomes.com.br\/noticias\/wp-json\/wp\/v2\/posts\/21477","targetHints":{"allow":["GET"]}}],"collection":[{"href":"https:\/\/blogdorogeriogomes.com.br\/noticias\/wp-json\/wp\/v2\/posts"}],"about":[{"href":"https:\/\/blogdorogeriogomes.com.br\/noticias\/wp-json\/wp\/v2\/types\/post"}],"author":[{"embeddable":true,"href":"https:\/\/blogdorogeriogomes.com.br\/noticias\/wp-json\/wp\/v2\/users\/1"}],"replies":[{"embeddable":true,"href":"https:\/\/blogdorogeriogomes.com.br\/noticias\/wp-json\/wp\/v2\/comments?post=21477"}],"version-history":[{"count":1,"href":"https:\/\/blogdorogeriogomes.com.br\/noticias\/wp-json\/wp\/v2\/posts\/21477\/revisions"}],"predecessor-version":[{"id":21479,"href":"https:\/\/blogdorogeriogomes.com.br\/noticias\/wp-json\/wp\/v2\/posts\/21477\/revisions\/21479"}],"wp:featuredmedia":[{"embeddable":true,"href":"https:\/\/blogdorogeriogomes.com.br\/noticias\/wp-json\/wp\/v2\/media\/21478"}],"wp:attachment":[{"href":"https:\/\/blogdorogeriogomes.com.br\/noticias\/wp-json\/wp\/v2\/media?parent=21477"}],"wp:term":[{"taxonomy":"category","embeddable":true,"href":"https:\/\/blogdorogeriogomes.com.br\/noticias\/wp-json\/wp\/v2\/categories?post=21477"},{"taxonomy":"post_tag","embeddable":true,"href":"https:\/\/blogdorogeriogomes.com.br\/noticias\/wp-json\/wp\/v2\/tags?post=21477"}],"curies":[{"name":"wp","href":"https:\/\/api.w.org\/{rel}","templated":true}]}}