{"id":21480,"date":"2021-06-02T09:40:26","date_gmt":"2021-06-02T09:40:26","guid":{"rendered":"https:\/\/blogdorogeriogomes.com.br\/?p=21480"},"modified":"2021-06-02T14:19:07","modified_gmt":"2021-06-02T14:19:07","slug":"ainda-sem-punicao-pelo-exercito-pazuello-ganha-novo-cargo-no-palacio-do-planalto","status":"publish","type":"post","link":"https:\/\/blogdorogeriogomes.com.br\/noticias\/2021\/06\/ainda-sem-punicao-pelo-exercito-pazuello-ganha-novo-cargo-no-palacio-do-planalto\/","title":{"rendered":"Ainda sem puni\u00e7\u00e3o pelo Ex\u00e9rcito, Pazuello ganha novo cargo no Pal\u00e1cio do Planalto"},"content":{"rendered":"\n<p>O Comando do Ex\u00e9rcito se arrasta na decis\u00e3o de punir o general Eduardo Pazuello, ex-ministro da Sa\u00fade, pela participa\u00e7\u00e3o em atos pol\u00edticos e antidemocr\u00e1ticos no Rio de Janeiro, ao lado do presidente da Rep\u00fablica, Jair Bolsonaro. Como ainda est\u00e1 na ativa, o militar desrespeitou o estatuto das For\u00e7as Armadas.<\/p>\n\n\n\n<p>Mas como compensa\u00e7\u00e3o por sua &#8220;fidelidade&#8221;, Eduardo Pazuello foi nomeado por Bolsonaro como secret\u00e1rio de Estudos Estrat\u00e9gicos da Secretaria Especial de Assuntos Estrat\u00e9gicos da Presid\u00eancia da Rep\u00fablica. A volta de Pazuello ao Governo Federal ocorre dois meses e meio ap\u00f3s sua demiss\u00e3o do cargo de ministro da Sa\u00fade, quando ajudou a conduzir o Pa\u00eds a atual trag\u00e9dia sanit\u00e1ria da Covid-19 com mais de 463 mil mortos.<\/p>\n\n\n\n<p>Eduardo Pazuello \u00e9 investigado pelo Minist\u00e9rio P\u00fablico Federal pela falta de oxig\u00eanio em Manaus e tamb\u00e9m pela CPI da Covid no Senado Federal pela sua passagem desastrosa no Minist\u00e9rio da Sa\u00fade. Ainda vai ser reconvocado pelos senadores.<\/p>\n\n\n\n<figure class=\"wp-block-image size-large\"><img loading=\"lazy\" decoding=\"async\" width=\"678\" height=\"452\" src=\"https:\/\/blogdorogeriogomes.com.br\/wp-content\/uploads\/2021\/06\/images-16.jpeg\" alt=\"\" class=\"wp-image-21481\" srcset=\"https:\/\/blogdorogeriogomes.com.br\/noticias\/wp-content\/uploads\/2021\/06\/images-16.jpeg 678w, https:\/\/blogdorogeriogomes.com.br\/noticias\/wp-content\/uploads\/2021\/06\/images-16-300x200.jpeg 300w\" sizes=\"auto, (max-width: 678px) 100vw, 678px\" \/><\/figure>\n","protected":false},"excerpt":{"rendered":"<p>O Comando do Ex\u00e9rcito se arrasta na decis\u00e3o de punir o general Eduardo Pazuello, ex-ministro da Sa\u00fade, pela participa\u00e7\u00e3o em atos pol\u00edticos e antidemocr\u00e1ticos no Rio de Janeiro, ao lado do presidente da Rep\u00fablica, Jair Bolsonaro. Como ainda est\u00e1 na ativa, o militar desrespeitou o estatuto das For\u00e7as Armadas. Mas como compensa\u00e7\u00e3o por sua &#8220;fidelidade&#8221;, Eduardo Pazuello foi nomeado por Bolsonaro como secret\u00e1rio de Estudos Estrat\u00e9gicos da Secretaria Especial de Assuntos Estrat\u00e9gicos da Presid\u00eancia da Rep\u00fablica. A volta de&hellip;<\/p>\n","protected":false},"author":1,"featured_media":21481,"comment_status":"open","ping_status":"open","sticky":false,"template":"","format":"standard","meta":{"footnotes":""},"categories":[1],"tags":[],"class_list":["post-21480","post","type-post","status-publish","format-standard","has-post-thumbnail","hentry","category-noticias"],"_links":{"self":[{"href":"https:\/\/blogdorogeriogomes.com.br\/noticias\/wp-json\/wp\/v2\/posts\/21480","targetHints":{"allow":["GET"]}}],"collection":[{"href":"https:\/\/blogdorogeriogomes.com.br\/noticias\/wp-json\/wp\/v2\/posts"}],"about":[{"href":"https:\/\/blogdorogeriogomes.com.br\/noticias\/wp-json\/wp\/v2\/types\/post"}],"author":[{"embeddable":true,"href":"https:\/\/blogdorogeriogomes.com.br\/noticias\/wp-json\/wp\/v2\/users\/1"}],"replies":[{"embeddable":true,"href":"https:\/\/blogdorogeriogomes.com.br\/noticias\/wp-json\/wp\/v2\/comments?post=21480"}],"version-history":[{"count":1,"href":"https:\/\/blogdorogeriogomes.com.br\/noticias\/wp-json\/wp\/v2\/posts\/21480\/revisions"}],"predecessor-version":[{"id":21482,"href":"https:\/\/blogdorogeriogomes.com.br\/noticias\/wp-json\/wp\/v2\/posts\/21480\/revisions\/21482"}],"wp:featuredmedia":[{"embeddable":true,"href":"https:\/\/blogdorogeriogomes.com.br\/noticias\/wp-json\/wp\/v2\/media\/21481"}],"wp:attachment":[{"href":"https:\/\/blogdorogeriogomes.com.br\/noticias\/wp-json\/wp\/v2\/media?parent=21480"}],"wp:term":[{"taxonomy":"category","embeddable":true,"href":"https:\/\/blogdorogeriogomes.com.br\/noticias\/wp-json\/wp\/v2\/categories?post=21480"},{"taxonomy":"post_tag","embeddable":true,"href":"https:\/\/blogdorogeriogomes.com.br\/noticias\/wp-json\/wp\/v2\/tags?post=21480"}],"curies":[{"name":"wp","href":"https:\/\/api.w.org\/{rel}","templated":true}]}}