{"id":21490,"date":"2021-06-02T18:10:36","date_gmt":"2021-06-02T18:10:36","guid":{"rendered":"https:\/\/blogdorogeriogomes.com.br\/?p=21490"},"modified":"2021-06-04T13:19:32","modified_gmt":"2021-06-04T13:19:32","slug":"cpi-da-covid-infectologista-luana-araujo-diz-que-tratamento-precoce-e-discussao-delirante","status":"publish","type":"post","link":"https:\/\/blogdorogeriogomes.com.br\/noticias\/2021\/06\/cpi-da-covid-infectologista-luana-araujo-diz-que-tratamento-precoce-e-discussao-delirante\/","title":{"rendered":"CPI da Covid: infectologista Luana Ara\u00fajo diz que tratamento precoce \u00e9 &#8220;discuss\u00e3o delirante&#8221;"},"content":{"rendered":"\n<p>Em depoimento para a CPI da Covid, nesta quarta-feira, dia 2 de junho, no Senado Federal, a m\u00e9dica infectologista Luana Ara\u00fajo se posicionou contr\u00e1ria ao tratamento precoce contra Covid-19 e disse que v\u00ea irresponsabilidade na elabora\u00e7\u00e3o de pol\u00edtica p\u00fablica com a formaliza\u00e7\u00e3o do uso de cloroquina e outros rem\u00e9dios sem efic\u00e1cia comprovada no combate \u00e0 pandemia.<\/p>\n\n\n\n<p>&#8220;Todos n\u00f3s somos favor\u00e1veis a uma terapia precoce que exista. Quando ela n\u00e3o existe, n\u00e3o pode ser uma pol\u00edtica de sa\u00fade p\u00fablica. Essa \u00e9 uma discuss\u00e3o delirante, esdr\u00faxula, anacr\u00f4nica e contraproducente&#8221;, disse Ara\u00fajo aos senadores da comiss\u00e3o. &#8220;\u00c9 como se estiv\u00e9ssemos discutindo de que borda da terra plana vamos pular. N\u00e3o tem l\u00f3gica&#8221;, completou.<\/p>\n\n\n\n<p>A m\u00e9dica chegou a ser anunciada, neste ano, como a nova secret\u00e1ria de Enfrentamento \u00e0 Covid pelo ministro da Sa\u00fade, Marcelo Queiroga. No entanto, seu nome acabou desaprovado no Planalto. Luana afirmou desconhecer os motivos de o Governo Bolsonaro n\u00e3o ter levado adiante a sua indica\u00e7\u00e3o para o cargo. Mas ficou claro que o fato dela condenar o chamado &#8220;tratamento precoce&#8221; desagradou o presidente Jair Bolsonaro.<\/p>\n\n\n\n<p>Sobre a autonomia de m\u00e9dicos na hora de receitar medicamentos contra a Covid-19, a infectologista exp\u00f4s que considera errado parte da categoria colocar em pr\u00e1tica procedimentos n\u00e3o indicados cientificamente. &#8220;Autonomia m\u00e9dica faz parte da nossa pr\u00e1tica, mas n\u00e3o \u00e9 licen\u00e7a para experimenta\u00e7\u00e3o. \u00c9 preciso ser defendida sobre os pilares do conhecimento cient\u00edfico, da \u00e9tica e da responsabiliza\u00e7\u00e3o&#8221;.<\/p>\n\n\n\n<p>O senador cearense Eduardo Gir\u00e3o (Podemos) apresentou gr\u00e1ficos para tentar provar a exist\u00eancia de fundamentos para o tratamento precoce e colocar sob d\u00favida as decis\u00f5es da Organiza\u00e7\u00e3o Mundial da Sa\u00fade. Em resposta, Luana Ara\u00fajo afirmou que os dados levados \u00e0 comiss\u00e3o pelo senador estavam errados. &#8220;O senhor pode ignorar a OMS, mas vai ter que ignorar a FDA (ag\u00eancia federal de Sa\u00fade dos Estados Unidos) e todas as entidades internacionais que t\u00eam a mesma posi\u00e7\u00e3o sobre o tratamento precoce&#8221;.<\/p>\n\n\n\n<figure class=\"wp-block-image size-large\"><img loading=\"lazy\" decoding=\"async\" width=\"678\" height=\"452\" src=\"https:\/\/blogdorogeriogomes.com.br\/wp-content\/uploads\/2021\/06\/images-18.jpeg\" alt=\"\" class=\"wp-image-21491\" srcset=\"https:\/\/blogdorogeriogomes.com.br\/noticias\/wp-content\/uploads\/2021\/06\/images-18.jpeg 678w, https:\/\/blogdorogeriogomes.com.br\/noticias\/wp-content\/uploads\/2021\/06\/images-18-300x200.jpeg 300w\" sizes=\"auto, (max-width: 678px) 100vw, 678px\" \/><\/figure>\n","protected":false},"excerpt":{"rendered":"<p>Em depoimento para a CPI da Covid, nesta quarta-feira, dia 2 de junho, no Senado Federal, a m\u00e9dica infectologista Luana Ara\u00fajo se posicionou contr\u00e1ria ao tratamento precoce contra Covid-19 e disse que v\u00ea irresponsabilidade na elabora\u00e7\u00e3o de pol\u00edtica p\u00fablica com a formaliza\u00e7\u00e3o do uso de cloroquina e outros rem\u00e9dios sem efic\u00e1cia comprovada no combate \u00e0 pandemia. &#8220;Todos n\u00f3s somos favor\u00e1veis a uma terapia precoce que exista. Quando ela n\u00e3o existe, n\u00e3o pode ser uma pol\u00edtica de sa\u00fade p\u00fablica. Essa&hellip;<\/p>\n","protected":false},"author":1,"featured_media":21491,"comment_status":"open","ping_status":"open","sticky":false,"template":"","format":"standard","meta":{"footnotes":""},"categories":[1],"tags":[],"class_list":["post-21490","post","type-post","status-publish","format-standard","has-post-thumbnail","hentry","category-noticias"],"_links":{"self":[{"href":"https:\/\/blogdorogeriogomes.com.br\/noticias\/wp-json\/wp\/v2\/posts\/21490","targetHints":{"allow":["GET"]}}],"collection":[{"href":"https:\/\/blogdorogeriogomes.com.br\/noticias\/wp-json\/wp\/v2\/posts"}],"about":[{"href":"https:\/\/blogdorogeriogomes.com.br\/noticias\/wp-json\/wp\/v2\/types\/post"}],"author":[{"embeddable":true,"href":"https:\/\/blogdorogeriogomes.com.br\/noticias\/wp-json\/wp\/v2\/users\/1"}],"replies":[{"embeddable":true,"href":"https:\/\/blogdorogeriogomes.com.br\/noticias\/wp-json\/wp\/v2\/comments?post=21490"}],"version-history":[{"count":1,"href":"https:\/\/blogdorogeriogomes.com.br\/noticias\/wp-json\/wp\/v2\/posts\/21490\/revisions"}],"predecessor-version":[{"id":21492,"href":"https:\/\/blogdorogeriogomes.com.br\/noticias\/wp-json\/wp\/v2\/posts\/21490\/revisions\/21492"}],"wp:featuredmedia":[{"embeddable":true,"href":"https:\/\/blogdorogeriogomes.com.br\/noticias\/wp-json\/wp\/v2\/media\/21491"}],"wp:attachment":[{"href":"https:\/\/blogdorogeriogomes.com.br\/noticias\/wp-json\/wp\/v2\/media?parent=21490"}],"wp:term":[{"taxonomy":"category","embeddable":true,"href":"https:\/\/blogdorogeriogomes.com.br\/noticias\/wp-json\/wp\/v2\/categories?post=21490"},{"taxonomy":"post_tag","embeddable":true,"href":"https:\/\/blogdorogeriogomes.com.br\/noticias\/wp-json\/wp\/v2\/tags?post=21490"}],"curies":[{"name":"wp","href":"https:\/\/api.w.org\/{rel}","templated":true}]}}