{"id":21494,"date":"2021-06-03T10:10:05","date_gmt":"2021-06-03T10:10:05","guid":{"rendered":"https:\/\/blogdorogeriogomes.com.br\/?p=21494"},"modified":"2021-06-04T13:19:18","modified_gmt":"2021-06-04T13:19:18","slug":"bolsonaro-distorce-numeros-de-vacinas-e-empregos-em-pronunciamento-na-tv-e-sofre-panelacos-por-todo-o-pais","status":"publish","type":"post","link":"https:\/\/blogdorogeriogomes.com.br\/noticias\/2021\/06\/bolsonaro-distorce-numeros-de-vacinas-e-empregos-em-pronunciamento-na-tv-e-sofre-panelacos-por-todo-o-pais\/","title":{"rendered":"Bolsonaro distorce n\u00fameros de vacinas e empregos em pronunciamento na TV e sofre panela\u00e7os por todo o Pa\u00eds"},"content":{"rendered":"\n<p>Em meio \u00e0 press\u00e3o exercida pela CPI da Covid no Senado, o presidente Jair Bolsonaro declarou, nesta quarta-feira, dia 2 de junho, durante pronunciamento em rede nacional de r\u00e1dio e TV, que todos os brasileiros que quiserem, ser\u00e3o vacinados at\u00e9 o fim do ano contra a Covid-19. A fala dele foi mais uma vez marcada por dados distorcidos sobre vacinas e empregos no Brasil. Na aplica\u00e7\u00e3o de vacinas, Bolsonaro diz que o Pa\u00eds \u00e9 o quarto pa\u00eds do mundo em imuniza\u00e7\u00e3o. S\u00f3 que ele se refere a n\u00fameros absolutos. Hoje, no Brasil, apenas 22,21% da popula\u00e7\u00e3o receberam a primeira dose. Para haver a devida imuniza\u00e7\u00e3o, segundo os especialistas, cerca de 70% da popula\u00e7\u00e3o devem ser vacinadas com as duas doses. No caso deste percentual, mal passamos de 10%.<\/p>\n\n\n\n<p>Em rela\u00e7\u00e3o aos empregos, Bolsonaro afirmou que o Pa\u00eds terminou 2020 com mais empregos formais que em 2019. A Pesquisa Nacional por Amostra de Domic\u00edlios do IBGE mostra, no entanto, que houve queda de 7,8% no emprego formal no setor privado entre 2019 e 2020. Jair Bolsonaro ainda fez a defesa da realiza\u00e7\u00e3o da Copa Am\u00e9rica no Brasil mesmo em meio \u00e0 pandemia.<\/p>\n\n\n\n<p>Durante o pronunciamento de Bolsonaro, houve registro de panela\u00e7os como forma de protesto contra o presidente, em cidades de todo o Brasil. Em Fortaleza, as manifesta\u00e7\u00f5es ocorreram principalmente nos bairros Jos\u00e9 Bonif\u00e1cio, Meireles, Aldeota, Centro, Benfica e Joaquim T\u00e1vora, acompanhadas de gritos como &#8220;Fora genocida&#8221;, &#8220;Fora Bolsonaro&#8221; e &#8220;Vacina sim&#8221;, em raz\u00e3o da falta de medidas do Governo Federal para combater a Covid-19.<br><br><\/p>\n\n\n\n<figure class=\"wp-block-image size-large\"><img loading=\"lazy\" decoding=\"async\" width=\"640\" height=\"480\" src=\"https:\/\/blogdorogeriogomes.com.br\/wp-content\/uploads\/2021\/06\/images-19.jpeg\" alt=\"\" class=\"wp-image-21495\" srcset=\"https:\/\/blogdorogeriogomes.com.br\/noticias\/wp-content\/uploads\/2021\/06\/images-19.jpeg 640w, https:\/\/blogdorogeriogomes.com.br\/noticias\/wp-content\/uploads\/2021\/06\/images-19-300x225.jpeg 300w, https:\/\/blogdorogeriogomes.com.br\/noticias\/wp-content\/uploads\/2021\/06\/images-19-400x300.jpeg 400w\" sizes=\"auto, (max-width: 640px) 100vw, 640px\" \/><\/figure>\n","protected":false},"excerpt":{"rendered":"<p>Em meio \u00e0 press\u00e3o exercida pela CPI da Covid no Senado, o presidente Jair Bolsonaro declarou, nesta quarta-feira, dia 2 de junho, durante pronunciamento em rede nacional de r\u00e1dio e TV, que todos os brasileiros que quiserem, ser\u00e3o vacinados at\u00e9 o fim do ano contra a Covid-19. A fala dele foi mais uma vez marcada por dados distorcidos sobre vacinas e empregos no Brasil. Na aplica\u00e7\u00e3o de vacinas, Bolsonaro diz que o Pa\u00eds \u00e9 o quarto pa\u00eds do mundo&hellip;<\/p>\n","protected":false},"author":1,"featured_media":21495,"comment_status":"open","ping_status":"open","sticky":false,"template":"","format":"standard","meta":{"footnotes":""},"categories":[1],"tags":[],"class_list":["post-21494","post","type-post","status-publish","format-standard","has-post-thumbnail","hentry","category-noticias"],"_links":{"self":[{"href":"https:\/\/blogdorogeriogomes.com.br\/noticias\/wp-json\/wp\/v2\/posts\/21494","targetHints":{"allow":["GET"]}}],"collection":[{"href":"https:\/\/blogdorogeriogomes.com.br\/noticias\/wp-json\/wp\/v2\/posts"}],"about":[{"href":"https:\/\/blogdorogeriogomes.com.br\/noticias\/wp-json\/wp\/v2\/types\/post"}],"author":[{"embeddable":true,"href":"https:\/\/blogdorogeriogomes.com.br\/noticias\/wp-json\/wp\/v2\/users\/1"}],"replies":[{"embeddable":true,"href":"https:\/\/blogdorogeriogomes.com.br\/noticias\/wp-json\/wp\/v2\/comments?post=21494"}],"version-history":[{"count":1,"href":"https:\/\/blogdorogeriogomes.com.br\/noticias\/wp-json\/wp\/v2\/posts\/21494\/revisions"}],"predecessor-version":[{"id":21496,"href":"https:\/\/blogdorogeriogomes.com.br\/noticias\/wp-json\/wp\/v2\/posts\/21494\/revisions\/21496"}],"wp:featuredmedia":[{"embeddable":true,"href":"https:\/\/blogdorogeriogomes.com.br\/noticias\/wp-json\/wp\/v2\/media\/21495"}],"wp:attachment":[{"href":"https:\/\/blogdorogeriogomes.com.br\/noticias\/wp-json\/wp\/v2\/media?parent=21494"}],"wp:term":[{"taxonomy":"category","embeddable":true,"href":"https:\/\/blogdorogeriogomes.com.br\/noticias\/wp-json\/wp\/v2\/categories?post=21494"},{"taxonomy":"post_tag","embeddable":true,"href":"https:\/\/blogdorogeriogomes.com.br\/noticias\/wp-json\/wp\/v2\/tags?post=21494"}],"curies":[{"name":"wp","href":"https:\/\/api.w.org\/{rel}","templated":true}]}}