{"id":21497,"date":"2021-06-03T10:32:24","date_gmt":"2021-06-03T10:32:24","guid":{"rendered":"https:\/\/blogdorogeriogomes.com.br\/?p=21497"},"modified":"2021-06-04T13:19:08","modified_gmt":"2021-06-04T13:19:08","slug":"fortaleza-comeca-a-vacinar-pessoas-com-59-anos-no-proximo-domingo-diz-jose-sarto","status":"publish","type":"post","link":"https:\/\/blogdorogeriogomes.com.br\/noticias\/2021\/06\/fortaleza-comeca-a-vacinar-pessoas-com-59-anos-no-proximo-domingo-diz-jose-sarto\/","title":{"rendered":"Fortaleza come\u00e7a a vacinar pessoas com 59 anos no pr\u00f3ximo domingo, diz Jos\u00e9 Sarto"},"content":{"rendered":"\n<p>O in\u00edcio da vacina\u00e7\u00e3o de todas as pessoas na faixa et\u00e1ria entre 18 e 59 anos, sem cormobidades, est\u00e1 confirmado para o pr\u00f3ximo domingo, dia 6 de junho, pelo prefeito de Fortaleza, Jos\u00e9 Sarto. A imuniza\u00e7\u00e3o vai come\u00e7ar com quem tem 59 anos e seguir\u00e1 de forma decrescente, at\u00e9 os 18 anos. No primeiro dia, est\u00e3o agendadas 7.700 pessoas com 59 anos, disse a Prefeitura de Fortaleza. Todos ser\u00e3o comunicados atrav\u00e9s de email e telefone. Os locais de vacina\u00e7\u00e3o s\u00e3o os shoppings Riomar Papicu, do Centro de Eventos e da Arena Castel\u00e3o, al\u00e9m do Sesi da Parangaba e do shopping Riomar Kennedy.<\/p>\n\n\n\n<p>Em rela\u00e7\u00e3o aos professores, a Comiss\u00e3o Intergestores Bipartite do Cear\u00e1 (CIB), manteve a obrigatoriedade da categoria de assinar um documento se comprometendo a retornar \u00e0s atividades presenciais no segundo semestre, caso as autoridades sanit\u00e1rias confirmem a seguran\u00e7a para as aulas presenciais. A assinatura do termo \u00e9 obrigat\u00f3ria para ter acesso \u00e0 vacina contra a Covid-19. A pol\u00eamica tem gerado muita disputa virtual entre professores e promotores do Minist\u00e9rio P\u00fablico Estadual, que mantiveram a obrigatoriedade.<\/p>\n\n\n\n<figure class=\"wp-block-image size-large\"><img loading=\"lazy\" decoding=\"async\" width=\"1024\" height=\"575\" src=\"https:\/\/blogdorogeriogomes.com.br\/wp-content\/uploads\/2021\/06\/vacina-1024x575.jpg\" alt=\"\" class=\"wp-image-21498\" srcset=\"https:\/\/blogdorogeriogomes.com.br\/noticias\/wp-content\/uploads\/2021\/06\/vacina-1024x575.jpg 1024w, https:\/\/blogdorogeriogomes.com.br\/noticias\/wp-content\/uploads\/2021\/06\/vacina-300x169.jpg 300w, https:\/\/blogdorogeriogomes.com.br\/noticias\/wp-content\/uploads\/2021\/06\/vacina-768x431.jpg 768w, https:\/\/blogdorogeriogomes.com.br\/noticias\/wp-content\/uploads\/2021\/06\/vacina-800x449.jpg 800w, https:\/\/blogdorogeriogomes.com.br\/noticias\/wp-content\/uploads\/2021\/06\/vacina.jpg 1280w\" sizes=\"auto, (max-width: 1024px) 100vw, 1024px\" \/><\/figure>\n\n\n\n<p><\/p>\n","protected":false},"excerpt":{"rendered":"<p>O in\u00edcio da vacina\u00e7\u00e3o de todas as pessoas na faixa et\u00e1ria entre 18 e 59 anos, sem cormobidades, est\u00e1 confirmado para o pr\u00f3ximo domingo, dia 6 de junho, pelo prefeito de Fortaleza, Jos\u00e9 Sarto. A imuniza\u00e7\u00e3o vai come\u00e7ar com quem tem 59 anos e seguir\u00e1 de forma decrescente, at\u00e9 os 18 anos. No primeiro dia, est\u00e3o agendadas 7.700 pessoas com 59 anos, disse a Prefeitura de Fortaleza. Todos ser\u00e3o comunicados atrav\u00e9s de email e telefone. Os locais de vacina\u00e7\u00e3o&hellip;<\/p>\n","protected":false},"author":1,"featured_media":21498,"comment_status":"open","ping_status":"open","sticky":false,"template":"","format":"standard","meta":{"footnotes":""},"categories":[1],"tags":[],"class_list":["post-21497","post","type-post","status-publish","format-standard","has-post-thumbnail","hentry","category-noticias"],"_links":{"self":[{"href":"https:\/\/blogdorogeriogomes.com.br\/noticias\/wp-json\/wp\/v2\/posts\/21497","targetHints":{"allow":["GET"]}}],"collection":[{"href":"https:\/\/blogdorogeriogomes.com.br\/noticias\/wp-json\/wp\/v2\/posts"}],"about":[{"href":"https:\/\/blogdorogeriogomes.com.br\/noticias\/wp-json\/wp\/v2\/types\/post"}],"author":[{"embeddable":true,"href":"https:\/\/blogdorogeriogomes.com.br\/noticias\/wp-json\/wp\/v2\/users\/1"}],"replies":[{"embeddable":true,"href":"https:\/\/blogdorogeriogomes.com.br\/noticias\/wp-json\/wp\/v2\/comments?post=21497"}],"version-history":[{"count":1,"href":"https:\/\/blogdorogeriogomes.com.br\/noticias\/wp-json\/wp\/v2\/posts\/21497\/revisions"}],"predecessor-version":[{"id":21499,"href":"https:\/\/blogdorogeriogomes.com.br\/noticias\/wp-json\/wp\/v2\/posts\/21497\/revisions\/21499"}],"wp:featuredmedia":[{"embeddable":true,"href":"https:\/\/blogdorogeriogomes.com.br\/noticias\/wp-json\/wp\/v2\/media\/21498"}],"wp:attachment":[{"href":"https:\/\/blogdorogeriogomes.com.br\/noticias\/wp-json\/wp\/v2\/media?parent=21497"}],"wp:term":[{"taxonomy":"category","embeddable":true,"href":"https:\/\/blogdorogeriogomes.com.br\/noticias\/wp-json\/wp\/v2\/categories?post=21497"},{"taxonomy":"post_tag","embeddable":true,"href":"https:\/\/blogdorogeriogomes.com.br\/noticias\/wp-json\/wp\/v2\/tags?post=21497"}],"curies":[{"name":"wp","href":"https:\/\/api.w.org\/{rel}","templated":true}]}}