{"id":21500,"date":"2021-06-03T23:08:42","date_gmt":"2021-06-03T23:08:42","guid":{"rendered":"https:\/\/blogdorogeriogomes.com.br\/?p=21500"},"modified":"2021-06-04T13:18:57","modified_gmt":"2021-06-04T13:18:57","slug":"apos-pressao-de-bolsonaro-exercito-arquiva-processo-de-punicao-contra-pazuello","status":"publish","type":"post","link":"https:\/\/blogdorogeriogomes.com.br\/noticias\/2021\/06\/apos-pressao-de-bolsonaro-exercito-arquiva-processo-de-punicao-contra-pazuello\/","title":{"rendered":"Ap\u00f3s press\u00e3o de Bolsonaro, Ex\u00e9rcito arquiva processo de puni\u00e7\u00e3o contra Pazuello"},"content":{"rendered":"\n<p>Depois de ter sido contemplado com um novo cargo no Pal\u00e1cio do Planalto, com sal\u00e1rio de R$ 16 mil reais, o ex-ministro da Sa\u00fade, general Eduardo Pazuello, recebeu uma boa not\u00edcia nesta quinta-feira, dia 3 de junho. O Comandante do Ex\u00e9rcito, general Paulo S\u00e9rgio Nogueira de Oliveira, decidiu arquivar processo administrativo contra Pazuello, aberto ap\u00f3s o ex-ministro da Sa\u00fade participar de um ato pol\u00edtico ao lado do presidente Jair Bolsonaro no Rio de Janeiro. Na ocasi\u00e3o, Pazuello subiu em um carro de som no aterro do Flamengo para exaltar Bolsonaro, ap\u00f3s passeio de moto do presidente com apoiadores.<\/p>\n\n\n\n<p>A decis\u00e3o do Ex\u00e9rcito de isentar o general Eduardo Pazuello de puni\u00e7\u00e3o por participar de ato pol\u00edtico com Bolsonaro foi tomada em conjunto entre o comandante e o Alto-Comando, composto por 15 oficiais de quatro estrelas. O temor \u00e9 que se fosse dada alguma puni\u00e7\u00e3o, Jair Bolsonaro poderia desfazer a mesma e deixaria o Comandante do Ex\u00e9rcito em situa\u00e7\u00e3o vexat\u00f3ria, tendo como \u00fanica sa\u00edda a ren\u00fancia. O arquivamento do processo n\u00e3o diminuiu o clima de descontentamento entre outros generais que temem novos atos de indisciplina no futuro.<\/p>\n\n\n\n<p>Em tempo: A revista The Economist, uma das maiores publica\u00e7\u00f5es da Inglaterra, afirmou em edi\u00e7\u00e3o desta semana que o Brasil est\u00e1 diante da maior amea\u00e7a \u00e0 democracia desde o fim da ditadura militar e cobrou a\u00e7\u00e3o do Congresso Nacional pelo impeachment de Jair Bolsonaro.&nbsp;<\/p>\n\n\n\n<figure class=\"wp-block-image size-large\"><img loading=\"lazy\" decoding=\"async\" width=\"678\" height=\"452\" src=\"https:\/\/blogdorogeriogomes.com.br\/wp-content\/uploads\/2021\/06\/images-20.jpeg\" alt=\"\" class=\"wp-image-21501\" srcset=\"https:\/\/blogdorogeriogomes.com.br\/noticias\/wp-content\/uploads\/2021\/06\/images-20.jpeg 678w, https:\/\/blogdorogeriogomes.com.br\/noticias\/wp-content\/uploads\/2021\/06\/images-20-300x200.jpeg 300w\" sizes=\"auto, (max-width: 678px) 100vw, 678px\" \/><\/figure>\n","protected":false},"excerpt":{"rendered":"<p>Depois de ter sido contemplado com um novo cargo no Pal\u00e1cio do Planalto, com sal\u00e1rio de R$ 16 mil reais, o ex-ministro da Sa\u00fade, general Eduardo Pazuello, recebeu uma boa not\u00edcia nesta quinta-feira, dia 3 de junho. O Comandante do Ex\u00e9rcito, general Paulo S\u00e9rgio Nogueira de Oliveira, decidiu arquivar processo administrativo contra Pazuello, aberto ap\u00f3s o ex-ministro da Sa\u00fade participar de um ato pol\u00edtico ao lado do presidente Jair Bolsonaro no Rio de Janeiro. Na ocasi\u00e3o, Pazuello subiu em&hellip;<\/p>\n","protected":false},"author":1,"featured_media":21501,"comment_status":"open","ping_status":"open","sticky":false,"template":"","format":"standard","meta":{"footnotes":""},"categories":[1],"tags":[],"class_list":["post-21500","post","type-post","status-publish","format-standard","has-post-thumbnail","hentry","category-noticias"],"_links":{"self":[{"href":"https:\/\/blogdorogeriogomes.com.br\/noticias\/wp-json\/wp\/v2\/posts\/21500","targetHints":{"allow":["GET"]}}],"collection":[{"href":"https:\/\/blogdorogeriogomes.com.br\/noticias\/wp-json\/wp\/v2\/posts"}],"about":[{"href":"https:\/\/blogdorogeriogomes.com.br\/noticias\/wp-json\/wp\/v2\/types\/post"}],"author":[{"embeddable":true,"href":"https:\/\/blogdorogeriogomes.com.br\/noticias\/wp-json\/wp\/v2\/users\/1"}],"replies":[{"embeddable":true,"href":"https:\/\/blogdorogeriogomes.com.br\/noticias\/wp-json\/wp\/v2\/comments?post=21500"}],"version-history":[{"count":2,"href":"https:\/\/blogdorogeriogomes.com.br\/noticias\/wp-json\/wp\/v2\/posts\/21500\/revisions"}],"predecessor-version":[{"id":21509,"href":"https:\/\/blogdorogeriogomes.com.br\/noticias\/wp-json\/wp\/v2\/posts\/21500\/revisions\/21509"}],"wp:featuredmedia":[{"embeddable":true,"href":"https:\/\/blogdorogeriogomes.com.br\/noticias\/wp-json\/wp\/v2\/media\/21501"}],"wp:attachment":[{"href":"https:\/\/blogdorogeriogomes.com.br\/noticias\/wp-json\/wp\/v2\/media?parent=21500"}],"wp:term":[{"taxonomy":"category","embeddable":true,"href":"https:\/\/blogdorogeriogomes.com.br\/noticias\/wp-json\/wp\/v2\/categories?post=21500"},{"taxonomy":"post_tag","embeddable":true,"href":"https:\/\/blogdorogeriogomes.com.br\/noticias\/wp-json\/wp\/v2\/tags?post=21500"}],"curies":[{"name":"wp","href":"https:\/\/api.w.org\/{rel}","templated":true}]}}