{"id":21503,"date":"2021-06-04T09:47:29","date_gmt":"2021-06-04T09:47:29","guid":{"rendered":"https:\/\/blogdorogeriogomes.com.br\/?p=21503"},"modified":"2021-06-04T13:18:41","modified_gmt":"2021-06-04T13:18:41","slug":"jogadores-que-atuam-na-europa-ameacam-nao-disputar-copa-america-pela-selecao-brasileira-por-causa-da-pandemia","status":"publish","type":"post","link":"https:\/\/blogdorogeriogomes.com.br\/noticias\/2021\/06\/jogadores-que-atuam-na-europa-ameacam-nao-disputar-copa-america-pela-selecao-brasileira-por-causa-da-pandemia\/","title":{"rendered":"Jogadores que atuam na Europa amea\u00e7am n\u00e3o disputar Copa Am\u00e9rica pela sele\u00e7\u00e3o brasileira por causa da pandemia"},"content":{"rendered":"\n<p>A insatisfa\u00e7\u00e3o pelo Governo Bolsonaro ter decidido de \u00faltima hora aceitar que o Brasil seja a sede da Copa Am\u00e9rica tamb\u00e9m preocupa os jogadores brasileiros que atuam na Europa. Atletas da Sele\u00e7\u00e3o Brasileira discutiram com o t\u00e9cnico Tite e a diretoria da CBF sobre a participa\u00e7\u00e3o na Copa Am\u00e9rica, que ser\u00e1 realizada no Brasil. De acordo com a R\u00e1dio Ga\u00facha, os jogadores que atuam na Europa pediram para n\u00e3o participar da competi\u00e7\u00e3o.<\/p>\n\n\n\n<p>Durante entrevista coletiva nesta quinta-feira, dia 3 de junho, Tite confirmou as discuss\u00f5es, mas n\u00e3o quis se aprofundar no assunto. O t\u00e9cnico pediu foco no jogo desta sexta-feira, dia 4, contra o Equador, v\u00e1lido pelas Eliminat\u00f3rias Sul-Americanas para a Copa do Mundo de 2022. Na sequ\u00eancia, jogadores da sele\u00e7\u00e3o brasileira dever\u00e3o se manifestar sobre a Copa Am\u00e9rica.<\/p>\n\n\n\n<figure class=\"wp-block-image size-large\"><img loading=\"lazy\" decoding=\"async\" width=\"910\" height=\"607\" src=\"https:\/\/blogdorogeriogomes.com.br\/wp-content\/uploads\/2021\/06\/20210528185353_359.jpeg\" alt=\"\" class=\"wp-image-21504\" srcset=\"https:\/\/blogdorogeriogomes.com.br\/noticias\/wp-content\/uploads\/2021\/06\/20210528185353_359.jpeg 910w, https:\/\/blogdorogeriogomes.com.br\/noticias\/wp-content\/uploads\/2021\/06\/20210528185353_359-300x200.jpeg 300w, https:\/\/blogdorogeriogomes.com.br\/noticias\/wp-content\/uploads\/2021\/06\/20210528185353_359-768x512.jpeg 768w, https:\/\/blogdorogeriogomes.com.br\/noticias\/wp-content\/uploads\/2021\/06\/20210528185353_359-800x534.jpeg 800w\" sizes=\"auto, (max-width: 910px) 100vw, 910px\" \/><\/figure>\n","protected":false},"excerpt":{"rendered":"<p>A insatisfa\u00e7\u00e3o pelo Governo Bolsonaro ter decidido de \u00faltima hora aceitar que o Brasil seja a sede da Copa Am\u00e9rica tamb\u00e9m preocupa os jogadores brasileiros que atuam na Europa. Atletas da Sele\u00e7\u00e3o Brasileira discutiram com o t\u00e9cnico Tite e a diretoria da CBF sobre a participa\u00e7\u00e3o na Copa Am\u00e9rica, que ser\u00e1 realizada no Brasil. De acordo com a R\u00e1dio Ga\u00facha, os jogadores que atuam na Europa pediram para n\u00e3o participar da competi\u00e7\u00e3o. Durante entrevista coletiva nesta quinta-feira, dia 3&hellip;<\/p>\n","protected":false},"author":1,"featured_media":21504,"comment_status":"open","ping_status":"open","sticky":false,"template":"","format":"standard","meta":{"footnotes":""},"categories":[1],"tags":[],"class_list":["post-21503","post","type-post","status-publish","format-standard","has-post-thumbnail","hentry","category-noticias"],"_links":{"self":[{"href":"https:\/\/blogdorogeriogomes.com.br\/noticias\/wp-json\/wp\/v2\/posts\/21503","targetHints":{"allow":["GET"]}}],"collection":[{"href":"https:\/\/blogdorogeriogomes.com.br\/noticias\/wp-json\/wp\/v2\/posts"}],"about":[{"href":"https:\/\/blogdorogeriogomes.com.br\/noticias\/wp-json\/wp\/v2\/types\/post"}],"author":[{"embeddable":true,"href":"https:\/\/blogdorogeriogomes.com.br\/noticias\/wp-json\/wp\/v2\/users\/1"}],"replies":[{"embeddable":true,"href":"https:\/\/blogdorogeriogomes.com.br\/noticias\/wp-json\/wp\/v2\/comments?post=21503"}],"version-history":[{"count":1,"href":"https:\/\/blogdorogeriogomes.com.br\/noticias\/wp-json\/wp\/v2\/posts\/21503\/revisions"}],"predecessor-version":[{"id":21505,"href":"https:\/\/blogdorogeriogomes.com.br\/noticias\/wp-json\/wp\/v2\/posts\/21503\/revisions\/21505"}],"wp:featuredmedia":[{"embeddable":true,"href":"https:\/\/blogdorogeriogomes.com.br\/noticias\/wp-json\/wp\/v2\/media\/21504"}],"wp:attachment":[{"href":"https:\/\/blogdorogeriogomes.com.br\/noticias\/wp-json\/wp\/v2\/media?parent=21503"}],"wp:term":[{"taxonomy":"category","embeddable":true,"href":"https:\/\/blogdorogeriogomes.com.br\/noticias\/wp-json\/wp\/v2\/categories?post=21503"},{"taxonomy":"post_tag","embeddable":true,"href":"https:\/\/blogdorogeriogomes.com.br\/noticias\/wp-json\/wp\/v2\/tags?post=21503"}],"curies":[{"name":"wp","href":"https:\/\/api.w.org\/{rel}","templated":true}]}}