{"id":21506,"date":"2021-06-04T10:05:21","date_gmt":"2021-06-04T10:05:21","guid":{"rendered":"https:\/\/blogdorogeriogomes.com.br\/?p=21506"},"modified":"2021-06-04T13:20:57","modified_gmt":"2021-06-04T13:20:57","slug":"motoristas-de-onibus-voltam-a-ameacar-uma-greve-em-fortaleza-a-partir-da-proxima-terca-feira","status":"publish","type":"post","link":"https:\/\/blogdorogeriogomes.com.br\/noticias\/2021\/06\/motoristas-de-onibus-voltam-a-ameacar-uma-greve-em-fortaleza-a-partir-da-proxima-terca-feira\/","title":{"rendered":"Motoristas de \u00f4nibus voltam a amea\u00e7ar uma greve em Fortaleza a partir da pr\u00f3xima ter\u00e7a-feira"},"content":{"rendered":"\n<p>Em assembleia realizada nesta quinta-feira, dia 3 de junho, motoristas de \u00f4nibus de Fortaleza decidiram iniciar uma paralisa\u00e7\u00e3o do transporte coletivo da Capital, a partir de ter\u00e7a-feira, dia 8 de junho. O Sindicato dos Trabalhadores Rodovi\u00e1rios diz respeitar um prazo m\u00ednimo de 72 horas para comunicar os empres\u00e1rios e os usu\u00e1rios da aprova\u00e7\u00e3o da greve.<\/p>\n\n\n\n<p>Na pauta de reivindica\u00e7\u00e3o dos motoristas est\u00e1 o reajuste de 3% de 2020 e 9% referente a 2021, al\u00e9m de aumento na cesta b\u00e1sica e no vale alimenta\u00e7\u00e3o. A proposta do Sindionibus \u00e9 de 2,46% no reajuste de 2020, mas nenhum aumento em rela\u00e7\u00e3o ao \u00edndice de 2021 e no vale alimenta\u00e7\u00e3o.<\/p>\n\n\n\n<p>At\u00e9 segunda-feira, dia 7, \u00e9 esperado que ocorra um acordo entre empres\u00e1rios e trabalhadores para evitar que a popula\u00e7\u00e3o fique mais uma vez prejudicada em meio a pandemia da Covid-19.<\/p>\n\n\n\n<figure class=\"wp-block-image size-large\"><img loading=\"lazy\" decoding=\"async\" width=\"1008\" height=\"422\" src=\"https:\/\/blogdorogeriogomes.com.br\/wp-content\/uploads\/2021\/06\/WhatsApp-Image-2021-06-03-at-12.44.41.jpeg\" alt=\"\" class=\"wp-image-21507\" srcset=\"https:\/\/blogdorogeriogomes.com.br\/noticias\/wp-content\/uploads\/2021\/06\/WhatsApp-Image-2021-06-03-at-12.44.41.jpeg 1008w, https:\/\/blogdorogeriogomes.com.br\/noticias\/wp-content\/uploads\/2021\/06\/WhatsApp-Image-2021-06-03-at-12.44.41-300x126.jpeg 300w, https:\/\/blogdorogeriogomes.com.br\/noticias\/wp-content\/uploads\/2021\/06\/WhatsApp-Image-2021-06-03-at-12.44.41-768x322.jpeg 768w, https:\/\/blogdorogeriogomes.com.br\/noticias\/wp-content\/uploads\/2021\/06\/WhatsApp-Image-2021-06-03-at-12.44.41-800x335.jpeg 800w\" sizes=\"auto, (max-width: 1008px) 100vw, 1008px\" \/><\/figure>\n","protected":false},"excerpt":{"rendered":"<p>Em assembleia realizada nesta quinta-feira, dia 3 de junho, motoristas de \u00f4nibus de Fortaleza decidiram iniciar uma paralisa\u00e7\u00e3o do transporte coletivo da Capital, a partir de ter\u00e7a-feira, dia 8 de junho. O Sindicato dos Trabalhadores Rodovi\u00e1rios diz respeitar um prazo m\u00ednimo de 72 horas para comunicar os empres\u00e1rios e os usu\u00e1rios da aprova\u00e7\u00e3o da greve. Na pauta de reivindica\u00e7\u00e3o dos motoristas est\u00e1 o reajuste de 3% de 2020 e 9% referente a 2021, al\u00e9m de aumento na cesta b\u00e1sica&hellip;<\/p>\n","protected":false},"author":1,"featured_media":21507,"comment_status":"open","ping_status":"open","sticky":false,"template":"","format":"standard","meta":{"footnotes":""},"categories":[1],"tags":[],"class_list":["post-21506","post","type-post","status-publish","format-standard","has-post-thumbnail","hentry","category-noticias"],"_links":{"self":[{"href":"https:\/\/blogdorogeriogomes.com.br\/noticias\/wp-json\/wp\/v2\/posts\/21506","targetHints":{"allow":["GET"]}}],"collection":[{"href":"https:\/\/blogdorogeriogomes.com.br\/noticias\/wp-json\/wp\/v2\/posts"}],"about":[{"href":"https:\/\/blogdorogeriogomes.com.br\/noticias\/wp-json\/wp\/v2\/types\/post"}],"author":[{"embeddable":true,"href":"https:\/\/blogdorogeriogomes.com.br\/noticias\/wp-json\/wp\/v2\/users\/1"}],"replies":[{"embeddable":true,"href":"https:\/\/blogdorogeriogomes.com.br\/noticias\/wp-json\/wp\/v2\/comments?post=21506"}],"version-history":[{"count":1,"href":"https:\/\/blogdorogeriogomes.com.br\/noticias\/wp-json\/wp\/v2\/posts\/21506\/revisions"}],"predecessor-version":[{"id":21508,"href":"https:\/\/blogdorogeriogomes.com.br\/noticias\/wp-json\/wp\/v2\/posts\/21506\/revisions\/21508"}],"wp:featuredmedia":[{"embeddable":true,"href":"https:\/\/blogdorogeriogomes.com.br\/noticias\/wp-json\/wp\/v2\/media\/21507"}],"wp:attachment":[{"href":"https:\/\/blogdorogeriogomes.com.br\/noticias\/wp-json\/wp\/v2\/media?parent=21506"}],"wp:term":[{"taxonomy":"category","embeddable":true,"href":"https:\/\/blogdorogeriogomes.com.br\/noticias\/wp-json\/wp\/v2\/categories?post=21506"},{"taxonomy":"post_tag","embeddable":true,"href":"https:\/\/blogdorogeriogomes.com.br\/noticias\/wp-json\/wp\/v2\/tags?post=21506"}],"curies":[{"name":"wp","href":"https:\/\/api.w.org\/{rel}","templated":true}]}}