{"id":21511,"date":"2021-06-04T21:02:12","date_gmt":"2021-06-04T21:02:12","guid":{"rendered":"https:\/\/blogdorogeriogomes.com.br\/?p=21511"},"modified":"2021-06-09T13:24:06","modified_gmt":"2021-06-09T13:24:06","slug":"restaurantes-e-shoppings-tem-horario-ampliado-em-novo-decreto-no-ceara","status":"publish","type":"post","link":"https:\/\/blogdorogeriogomes.com.br\/noticias\/2021\/06\/restaurantes-e-shoppings-tem-horario-ampliado-em-novo-decreto-no-ceara\/","title":{"rendered":"Restaurantes e shoppings t\u00eam hor\u00e1rio ampliado em novo decreto no Cear\u00e1"},"content":{"rendered":"\n<p>Em novo decreto estadual anunciado pelo governador do Cear\u00e1, Camilo Santana, nesta sexta-feira, dia 4 de junho, shoppings e restaurantes poder\u00e3o funcionar at\u00e9 22 horas  em todas as regi\u00f5es do Estado, com exce\u00e7\u00e3o do Cariri que continua com restri\u00e7\u00f5es sanit\u00e1rias mais r\u00edgidas. O toque de recolher passa a ser a partir das 23 horas. As altera\u00e7\u00f5es passam a valer na segunda-feira, dia 7 de junho.<\/p>\n\n\n\n<p>Outra novidade \u00e9 que os eventos corporativos com protocolos e restri\u00e7\u00f5es de capacidade poder\u00e3o voltar a ser realizados, a partir do dia 14 de junho. Camilo Santana destacou a queda nos casos e \u00f3bitos por Covid-19, al\u00e9m de uma estabilidade na transmiss\u00e3o.<\/p>\n\n\n\n<figure class=\"wp-block-image size-large\"><img loading=\"lazy\" decoding=\"async\" width=\"640\" height=\"480\" src=\"https:\/\/blogdorogeriogomes.com.br\/wp-content\/uploads\/2021\/06\/images-21.jpeg\" alt=\"\" class=\"wp-image-21512\" srcset=\"https:\/\/blogdorogeriogomes.com.br\/noticias\/wp-content\/uploads\/2021\/06\/images-21.jpeg 640w, https:\/\/blogdorogeriogomes.com.br\/noticias\/wp-content\/uploads\/2021\/06\/images-21-300x225.jpeg 300w, https:\/\/blogdorogeriogomes.com.br\/noticias\/wp-content\/uploads\/2021\/06\/images-21-400x300.jpeg 400w\" sizes=\"auto, (max-width: 640px) 100vw, 640px\" \/><\/figure>\n","protected":false},"excerpt":{"rendered":"<p>Em novo decreto estadual anunciado pelo governador do Cear\u00e1, Camilo Santana, nesta sexta-feira, dia 4 de junho, shoppings e restaurantes poder\u00e3o funcionar at\u00e9 22 horas em todas as regi\u00f5es do Estado, com exce\u00e7\u00e3o do Cariri que continua com restri\u00e7\u00f5es sanit\u00e1rias mais r\u00edgidas. O toque de recolher passa a ser a partir das 23 horas. As altera\u00e7\u00f5es passam a valer na segunda-feira, dia 7 de junho. Outra novidade \u00e9 que os eventos corporativos com protocolos e restri\u00e7\u00f5es de capacidade poder\u00e3o&hellip;<\/p>\n","protected":false},"author":1,"featured_media":21512,"comment_status":"open","ping_status":"open","sticky":false,"template":"","format":"standard","meta":{"footnotes":""},"categories":[1],"tags":[],"class_list":["post-21511","post","type-post","status-publish","format-standard","has-post-thumbnail","hentry","category-noticias"],"_links":{"self":[{"href":"https:\/\/blogdorogeriogomes.com.br\/noticias\/wp-json\/wp\/v2\/posts\/21511","targetHints":{"allow":["GET"]}}],"collection":[{"href":"https:\/\/blogdorogeriogomes.com.br\/noticias\/wp-json\/wp\/v2\/posts"}],"about":[{"href":"https:\/\/blogdorogeriogomes.com.br\/noticias\/wp-json\/wp\/v2\/types\/post"}],"author":[{"embeddable":true,"href":"https:\/\/blogdorogeriogomes.com.br\/noticias\/wp-json\/wp\/v2\/users\/1"}],"replies":[{"embeddable":true,"href":"https:\/\/blogdorogeriogomes.com.br\/noticias\/wp-json\/wp\/v2\/comments?post=21511"}],"version-history":[{"count":1,"href":"https:\/\/blogdorogeriogomes.com.br\/noticias\/wp-json\/wp\/v2\/posts\/21511\/revisions"}],"predecessor-version":[{"id":21513,"href":"https:\/\/blogdorogeriogomes.com.br\/noticias\/wp-json\/wp\/v2\/posts\/21511\/revisions\/21513"}],"wp:featuredmedia":[{"embeddable":true,"href":"https:\/\/blogdorogeriogomes.com.br\/noticias\/wp-json\/wp\/v2\/media\/21512"}],"wp:attachment":[{"href":"https:\/\/blogdorogeriogomes.com.br\/noticias\/wp-json\/wp\/v2\/media?parent=21511"}],"wp:term":[{"taxonomy":"category","embeddable":true,"href":"https:\/\/blogdorogeriogomes.com.br\/noticias\/wp-json\/wp\/v2\/categories?post=21511"},{"taxonomy":"post_tag","embeddable":true,"href":"https:\/\/blogdorogeriogomes.com.br\/noticias\/wp-json\/wp\/v2\/tags?post=21511"}],"curies":[{"name":"wp","href":"https:\/\/api.w.org\/{rel}","templated":true}]}}