{"id":21514,"date":"2021-06-04T22:41:57","date_gmt":"2021-06-04T22:41:57","guid":{"rendered":"https:\/\/blogdorogeriogomes.com.br\/?p=21514"},"modified":"2021-06-09T13:23:55","modified_gmt":"2021-06-09T13:23:55","slug":"prefeito-jose-sarto-assina-projeto-se-liga-na-rede-para-moradores-de-baixa-renda","status":"publish","type":"post","link":"https:\/\/blogdorogeriogomes.com.br\/noticias\/2021\/06\/prefeito-jose-sarto-assina-projeto-se-liga-na-rede-para-moradores-de-baixa-renda\/","title":{"rendered":"Prefeito Jos\u00e9 Sarto assina Projeto Se Liga na Rede para moradores de baixa renda"},"content":{"rendered":"\n<p>O prefeito de Fortaleza, Jos\u00e9 Sarto, e a secret\u00e1ria do Urbanismo e Meio Ambiente, Luciana Lobo, assinaram nesta sexta-feira, dia 4 de junho, a ordem de servi\u00e7o para as obras que ir\u00e3o possibilitar a interliga\u00e7\u00e3o \u00e0 rede de esgoto de moradias de baixa renda situadas na bacia da vertente mar\u00edtima, que inclui bairros como Barra do Cear\u00e1, Carlito Pamplona, Cristo Redentor, Jacarecanga e Pirambu.<br>As obras do Projeto Se Liga na Rede integram o Programa Fortaleza Cidade Sustent\u00e1vel (FCS) que objetiva a integra\u00e7\u00e3o dos ambientes natural e constru\u00eddo da cidade e pretende impedir que o esgoto de moradias que ainda n\u00e3o est\u00e3o interligadas \u00e0 rede v\u00e1 parar na orla mar\u00edtima da regi\u00e3o, com a vantagem de possibilitar a melhoria na balneabilidade da orla situada na regi\u00e3o oeste da capital cearense.<br>O projeto ser\u00e1 financiado por meio da contrata\u00e7\u00e3o de opera\u00e7\u00e3o de cr\u00e9dito externo com o Banco Internacional para Reconstru\u00e7\u00e3o e Desenvolvimento, assim como os demais projetos do FCS, no valor de US$ 73,3 milh\u00f5es. Segundo Luciana lobo, este \u00e9 o primeiro financiamento espec\u00edfico para a \u00e1rea ambiental e de sustentabilidade.<br>A Companhia de \u00c1gua e Esgoto do Cear\u00e1 (Cagece) \u00e9 a respons\u00e1vel pela condu\u00e7\u00e3o de parte do processo e ir\u00e1 realizar os procedimentos t\u00e9cnicos de interliga\u00e7\u00e3o. O contrato no valor de R$ 21.280.800,58, prev\u00ea que o servi\u00e7o dever\u00e1 ser executado em 24 meses e calcula at\u00e9 2.500 liga\u00e7\u00f5es intradomiciliares de esgoto, a partir da mobiliza\u00e7\u00e3o social em 8.000 im\u00f3veis, al\u00e9m da fiscaliza\u00e7\u00e3o de 13.000 im\u00f3veis n\u00e3o conectados \u00e0 rede de esgoto.<\/p>\n\n\n\n<figure class=\"wp-block-image size-large\"><img loading=\"lazy\" decoding=\"async\" width=\"1024\" height=\"608\" src=\"https:\/\/blogdorogeriogomes.com.br\/wp-content\/uploads\/2021\/06\/IMG-20210604-WA0183-1024x608.jpg\" alt=\"\" class=\"wp-image-21515\" srcset=\"https:\/\/blogdorogeriogomes.com.br\/noticias\/wp-content\/uploads\/2021\/06\/IMG-20210604-WA0183-1024x608.jpg 1024w, https:\/\/blogdorogeriogomes.com.br\/noticias\/wp-content\/uploads\/2021\/06\/IMG-20210604-WA0183-300x178.jpg 300w, https:\/\/blogdorogeriogomes.com.br\/noticias\/wp-content\/uploads\/2021\/06\/IMG-20210604-WA0183-768x456.jpg 768w, https:\/\/blogdorogeriogomes.com.br\/noticias\/wp-content\/uploads\/2021\/06\/IMG-20210604-WA0183-800x475.jpg 800w, https:\/\/blogdorogeriogomes.com.br\/noticias\/wp-content\/uploads\/2021\/06\/IMG-20210604-WA0183.jpg 1280w\" sizes=\"auto, (max-width: 1024px) 100vw, 1024px\" \/><\/figure>\n","protected":false},"excerpt":{"rendered":"<p>O prefeito de Fortaleza, Jos\u00e9 Sarto, e a secret\u00e1ria do Urbanismo e Meio Ambiente, Luciana Lobo, assinaram nesta sexta-feira, dia 4 de junho, a ordem de servi\u00e7o para as obras que ir\u00e3o possibilitar a interliga\u00e7\u00e3o \u00e0 rede de esgoto de moradias de baixa renda situadas na bacia da vertente mar\u00edtima, que inclui bairros como Barra do Cear\u00e1, Carlito Pamplona, Cristo Redentor, Jacarecanga e Pirambu.As obras do Projeto Se Liga na Rede integram o Programa Fortaleza Cidade Sustent\u00e1vel (FCS) que&hellip;<\/p>\n","protected":false},"author":1,"featured_media":21515,"comment_status":"open","ping_status":"open","sticky":false,"template":"","format":"standard","meta":{"footnotes":""},"categories":[1],"tags":[],"class_list":["post-21514","post","type-post","status-publish","format-standard","has-post-thumbnail","hentry","category-noticias"],"_links":{"self":[{"href":"https:\/\/blogdorogeriogomes.com.br\/noticias\/wp-json\/wp\/v2\/posts\/21514","targetHints":{"allow":["GET"]}}],"collection":[{"href":"https:\/\/blogdorogeriogomes.com.br\/noticias\/wp-json\/wp\/v2\/posts"}],"about":[{"href":"https:\/\/blogdorogeriogomes.com.br\/noticias\/wp-json\/wp\/v2\/types\/post"}],"author":[{"embeddable":true,"href":"https:\/\/blogdorogeriogomes.com.br\/noticias\/wp-json\/wp\/v2\/users\/1"}],"replies":[{"embeddable":true,"href":"https:\/\/blogdorogeriogomes.com.br\/noticias\/wp-json\/wp\/v2\/comments?post=21514"}],"version-history":[{"count":1,"href":"https:\/\/blogdorogeriogomes.com.br\/noticias\/wp-json\/wp\/v2\/posts\/21514\/revisions"}],"predecessor-version":[{"id":21516,"href":"https:\/\/blogdorogeriogomes.com.br\/noticias\/wp-json\/wp\/v2\/posts\/21514\/revisions\/21516"}],"wp:featuredmedia":[{"embeddable":true,"href":"https:\/\/blogdorogeriogomes.com.br\/noticias\/wp-json\/wp\/v2\/media\/21515"}],"wp:attachment":[{"href":"https:\/\/blogdorogeriogomes.com.br\/noticias\/wp-json\/wp\/v2\/media?parent=21514"}],"wp:term":[{"taxonomy":"category","embeddable":true,"href":"https:\/\/blogdorogeriogomes.com.br\/noticias\/wp-json\/wp\/v2\/categories?post=21514"},{"taxonomy":"post_tag","embeddable":true,"href":"https:\/\/blogdorogeriogomes.com.br\/noticias\/wp-json\/wp\/v2\/tags?post=21514"}],"curies":[{"name":"wp","href":"https:\/\/api.w.org\/{rel}","templated":true}]}}