{"id":21520,"date":"2021-06-05T10:37:30","date_gmt":"2021-06-05T10:37:30","guid":{"rendered":"https:\/\/blogdorogeriogomes.com.br\/?p=21520"},"modified":"2021-06-09T13:23:31","modified_gmt":"2021-06-09T13:23:31","slug":"apos-absolvicao-de-pazuello-deputados-federais-articulam-pec-para-impedir-militares-da-ativa-de-ocuparem-cargos-no-governo-federal","status":"publish","type":"post","link":"https:\/\/blogdorogeriogomes.com.br\/noticias\/2021\/06\/apos-absolvicao-de-pazuello-deputados-federais-articulam-pec-para-impedir-militares-da-ativa-de-ocuparem-cargos-no-governo-federal\/","title":{"rendered":"Ap\u00f3s absolvi\u00e7\u00e3o de Pazuello, deputados federais articulam PEC para impedir militares da ativa de ocuparem cargos no Governo Federal"},"content":{"rendered":"\n<p>A absolvi\u00e7\u00e3o do general Eduardo Pazuello pelo Comando do Ex\u00e9rcito depois de participar de ato pol\u00edtico com o presidente Jair Bolsonaro continua provocando desdobramentos em Bras\u00edlia. Agora, deputados federais articulam uma Proposta de Emenda Constitucional (PEC) para impedir que militares da ativa ocupem cargos pol\u00edticos no Governo Federal. A PEC muda a Constitui\u00e7\u00e3o para determinar que o militar com mais de dez anos de servi\u00e7o passar\u00e1 automaticamente para a inatividade, ao assumir cargo de natureza civil. <\/p>\n\n\n\n<p>O ex-ministro da Secretaria de Governo do presidente Bolsonaro, o general da reserva Santos Cruz, disse que sentiu vergonha da decis\u00e3o do Comando do Ex\u00e9rcito em poupar Pazuello de puni\u00e7\u00e3o, ap\u00f3s press\u00e3o de Jair Bolsonaro. \u201c\u00c9 uma desmoraliza\u00e7\u00e3o para todos n\u00f3s. Houve um ataque frontal \u00e0 disciplina e \u00e0 hierarquia, princ\u00edpios fundamentais \u00e0 profiss\u00e3o militar. Mais um movimento coerente com a conduta do presidente da Rep\u00fablica e com seu projeto pessoal de poder. A cada dia, ele avan\u00e7a mais um passo na eros\u00e3o das institui\u00e7\u00f5es\u201d, afirmou Santos Cruz. E ainda criticou a forma como o Presidente da Rep\u00fablica se refere ao Ex\u00e9rcito. \u201c\u00c0 irresponsabilidade e \u00e0 demagogia de dizer que esse \u00e9 o \u2018meu ex\u00e9rcito\u2019, eu s\u00f3 posso dizer que o \u2018seu ex\u00e9rcito\u2019 n\u00e3o \u00e9 o Ex\u00e9rcito brasileiro. Este \u00e9 de todos os brasileiros, \u00e9 da na\u00e7\u00e3o brasileira\u201d.<\/p>\n\n\n\n<figure class=\"wp-block-image size-large\"><img loading=\"lazy\" decoding=\"async\" width=\"678\" height=\"452\" src=\"https:\/\/blogdorogeriogomes.com.br\/wp-content\/uploads\/2021\/06\/images-24.jpeg\" alt=\"\" class=\"wp-image-21521\" srcset=\"https:\/\/blogdorogeriogomes.com.br\/noticias\/wp-content\/uploads\/2021\/06\/images-24.jpeg 678w, https:\/\/blogdorogeriogomes.com.br\/noticias\/wp-content\/uploads\/2021\/06\/images-24-300x200.jpeg 300w\" sizes=\"auto, (max-width: 678px) 100vw, 678px\" \/><\/figure>\n\n\n\n<p><\/p>\n","protected":false},"excerpt":{"rendered":"<p>A absolvi\u00e7\u00e3o do general Eduardo Pazuello pelo Comando do Ex\u00e9rcito depois de participar de ato pol\u00edtico com o presidente Jair Bolsonaro continua provocando desdobramentos em Bras\u00edlia. Agora, deputados federais articulam uma Proposta de Emenda Constitucional (PEC) para impedir que militares da ativa ocupem cargos pol\u00edticos no Governo Federal. A PEC muda a Constitui\u00e7\u00e3o para determinar que o militar com mais de dez anos de servi\u00e7o passar\u00e1 automaticamente para a inatividade, ao assumir cargo de natureza civil. O ex-ministro da&hellip;<\/p>\n","protected":false},"author":1,"featured_media":21521,"comment_status":"open","ping_status":"open","sticky":false,"template":"","format":"standard","meta":{"footnotes":""},"categories":[1],"tags":[],"class_list":["post-21520","post","type-post","status-publish","format-standard","has-post-thumbnail","hentry","category-noticias"],"_links":{"self":[{"href":"https:\/\/blogdorogeriogomes.com.br\/noticias\/wp-json\/wp\/v2\/posts\/21520","targetHints":{"allow":["GET"]}}],"collection":[{"href":"https:\/\/blogdorogeriogomes.com.br\/noticias\/wp-json\/wp\/v2\/posts"}],"about":[{"href":"https:\/\/blogdorogeriogomes.com.br\/noticias\/wp-json\/wp\/v2\/types\/post"}],"author":[{"embeddable":true,"href":"https:\/\/blogdorogeriogomes.com.br\/noticias\/wp-json\/wp\/v2\/users\/1"}],"replies":[{"embeddable":true,"href":"https:\/\/blogdorogeriogomes.com.br\/noticias\/wp-json\/wp\/v2\/comments?post=21520"}],"version-history":[{"count":1,"href":"https:\/\/blogdorogeriogomes.com.br\/noticias\/wp-json\/wp\/v2\/posts\/21520\/revisions"}],"predecessor-version":[{"id":21522,"href":"https:\/\/blogdorogeriogomes.com.br\/noticias\/wp-json\/wp\/v2\/posts\/21520\/revisions\/21522"}],"wp:featuredmedia":[{"embeddable":true,"href":"https:\/\/blogdorogeriogomes.com.br\/noticias\/wp-json\/wp\/v2\/media\/21521"}],"wp:attachment":[{"href":"https:\/\/blogdorogeriogomes.com.br\/noticias\/wp-json\/wp\/v2\/media?parent=21520"}],"wp:term":[{"taxonomy":"category","embeddable":true,"href":"https:\/\/blogdorogeriogomes.com.br\/noticias\/wp-json\/wp\/v2\/categories?post=21520"},{"taxonomy":"post_tag","embeddable":true,"href":"https:\/\/blogdorogeriogomes.com.br\/noticias\/wp-json\/wp\/v2\/tags?post=21520"}],"curies":[{"name":"wp","href":"https:\/\/api.w.org\/{rel}","templated":true}]}}