{"id":21524,"date":"2021-06-07T09:34:17","date_gmt":"2021-06-07T09:34:17","guid":{"rendered":"https:\/\/blogdorogeriogomes.com.br\/?p=21524"},"modified":"2021-06-09T13:23:19","modified_gmt":"2021-06-09T13:23:19","slug":"afastamento-de-caboclo-da-cbf-por-assedio-deixa-clima-tenso-na-selecao-brasileira-e-ameaca-realizacao-da-copa-america","status":"publish","type":"post","link":"https:\/\/blogdorogeriogomes.com.br\/noticias\/2021\/06\/afastamento-de-caboclo-da-cbf-por-assedio-deixa-clima-tenso-na-selecao-brasileira-e-ameaca-realizacao-da-copa-america\/","title":{"rendered":"Afastamento de Caboclo da CBF por ass\u00e9dio deixa clima tenso na sele\u00e7\u00e3o brasileira e amea\u00e7a realiza\u00e7\u00e3o da Copa Am\u00e9rica"},"content":{"rendered":"\n<p>O presidente da CBF, Rog\u00e9rio Caboclo, foi afastado do cargo neste domingo, dia 6 de junho. Por decis\u00e3o do Conselho de \u00c9tica, o dirigente da entidade m\u00e1xima do futebol brasileiro est\u00e1 fora de suas fun\u00e7\u00f5es, inicialmente por 30 dias, ap\u00f3s vir \u00e0 tona den\u00fancias de ass\u00e9dio sexual e moral feitas contra ele por uma funcion\u00e1ria da CBF. O vice com mais idade, Ant\u00f4nio Carlos Nunes, assume durante o per\u00edodo de afastamento. Ainda neste domingo, a TV Globo apresentou no Fant\u00e1stico uma grava\u00e7\u00e3o com \u00e1udios em que Rog\u00e9rio Caboclo conversa com a funcion\u00e1ria com insinua\u00e7\u00f5es sexuais. O presidente da CBF \u00e9 acusado de abuso sexual e moral na rela\u00e7\u00e3o entre chefe e secret\u00e1ria. <\/p>\n\n\n\n<p>O afastamento de Caboclo da CBF deixa o clima ainda mais tenso na sele\u00e7\u00e3o brasileira. O grupo de jogadores e comiss\u00e3o t\u00e9cnica reclama da articula\u00e7\u00e3o pol\u00edtica entre CBF, Conmebol e Pal\u00e1cio do Planalto para o Brasil sediar de \u00faltima hora a Copa Am\u00e9rica, rejeitada por Argentina e Col\u00f4mbia em meio a pandemia.<\/p>\n\n\n\n<p>Rog\u00e9rio Caboclo articulou a vinda da competi\u00e7\u00e3o com o presidente Jair Bolsonaro e teria se comprometido at\u00e9 em substituir o t\u00e9cnico Tite, que ficou do lado dos jogadores. Os atletas devem se pronunciar sobre a participa\u00e7\u00e3o ou n\u00e3o na Copa Am\u00e9rica ap\u00f3s o compromisso da sele\u00e7\u00e3o brasileira, nesta ter\u00e7a-feira, dia 8 de junho, contra o Paraguai, em Assun\u00e7\u00e3o. Nos bastidores, a expectativa \u00e9 que a sa\u00edda de Caboclo possa resultar em um acordo entre CBF, Tite e jogadores.<\/p>\n\n\n\n<figure class=\"wp-block-image size-large\"><img loading=\"lazy\" decoding=\"async\" width=\"414\" height=\"252\" src=\"https:\/\/blogdorogeriogomes.com.br\/wp-content\/uploads\/2021\/06\/images-25.jpeg\" alt=\"\" class=\"wp-image-21525\" srcset=\"https:\/\/blogdorogeriogomes.com.br\/noticias\/wp-content\/uploads\/2021\/06\/images-25.jpeg 414w, https:\/\/blogdorogeriogomes.com.br\/noticias\/wp-content\/uploads\/2021\/06\/images-25-300x183.jpeg 300w\" sizes=\"auto, (max-width: 414px) 100vw, 414px\" \/><\/figure>\n","protected":false},"excerpt":{"rendered":"<p>O presidente da CBF, Rog\u00e9rio Caboclo, foi afastado do cargo neste domingo, dia 6 de junho. Por decis\u00e3o do Conselho de \u00c9tica, o dirigente da entidade m\u00e1xima do futebol brasileiro est\u00e1 fora de suas fun\u00e7\u00f5es, inicialmente por 30 dias, ap\u00f3s vir \u00e0 tona den\u00fancias de ass\u00e9dio sexual e moral feitas contra ele por uma funcion\u00e1ria da CBF. O vice com mais idade, Ant\u00f4nio Carlos Nunes, assume durante o per\u00edodo de afastamento. Ainda neste domingo, a TV Globo apresentou no&hellip;<\/p>\n","protected":false},"author":1,"featured_media":21525,"comment_status":"open","ping_status":"open","sticky":false,"template":"","format":"standard","meta":{"footnotes":""},"categories":[1],"tags":[],"class_list":["post-21524","post","type-post","status-publish","format-standard","has-post-thumbnail","hentry","category-noticias"],"_links":{"self":[{"href":"https:\/\/blogdorogeriogomes.com.br\/noticias\/wp-json\/wp\/v2\/posts\/21524","targetHints":{"allow":["GET"]}}],"collection":[{"href":"https:\/\/blogdorogeriogomes.com.br\/noticias\/wp-json\/wp\/v2\/posts"}],"about":[{"href":"https:\/\/blogdorogeriogomes.com.br\/noticias\/wp-json\/wp\/v2\/types\/post"}],"author":[{"embeddable":true,"href":"https:\/\/blogdorogeriogomes.com.br\/noticias\/wp-json\/wp\/v2\/users\/1"}],"replies":[{"embeddable":true,"href":"https:\/\/blogdorogeriogomes.com.br\/noticias\/wp-json\/wp\/v2\/comments?post=21524"}],"version-history":[{"count":1,"href":"https:\/\/blogdorogeriogomes.com.br\/noticias\/wp-json\/wp\/v2\/posts\/21524\/revisions"}],"predecessor-version":[{"id":21526,"href":"https:\/\/blogdorogeriogomes.com.br\/noticias\/wp-json\/wp\/v2\/posts\/21524\/revisions\/21526"}],"wp:featuredmedia":[{"embeddable":true,"href":"https:\/\/blogdorogeriogomes.com.br\/noticias\/wp-json\/wp\/v2\/media\/21525"}],"wp:attachment":[{"href":"https:\/\/blogdorogeriogomes.com.br\/noticias\/wp-json\/wp\/v2\/media?parent=21524"}],"wp:term":[{"taxonomy":"category","embeddable":true,"href":"https:\/\/blogdorogeriogomes.com.br\/noticias\/wp-json\/wp\/v2\/categories?post=21524"},{"taxonomy":"post_tag","embeddable":true,"href":"https:\/\/blogdorogeriogomes.com.br\/noticias\/wp-json\/wp\/v2\/tags?post=21524"}],"curies":[{"name":"wp","href":"https:\/\/api.w.org\/{rel}","templated":true}]}}