{"id":21527,"date":"2021-06-07T09:55:38","date_gmt":"2021-06-07T09:55:38","guid":{"rendered":"https:\/\/blogdorogeriogomes.com.br\/?p=21527"},"modified":"2021-06-09T13:23:03","modified_gmt":"2021-06-09T13:23:03","slug":"tasso-jereissati-diz-que-o-que-foi-apurado-ate-agora-na-cpi-da-covid-vai-recair-contra-bolsonaro","status":"publish","type":"post","link":"https:\/\/blogdorogeriogomes.com.br\/noticias\/2021\/06\/tasso-jereissati-diz-que-o-que-foi-apurado-ate-agora-na-cpi-da-covid-vai-recair-contra-bolsonaro\/","title":{"rendered":"Tasso Jereissati diz que o que foi apurado at\u00e9 agora na CPI da Covid vai recair contra Bolsonaro"},"content":{"rendered":"\n<p>Em entrevista concedida ao jornal O Globo, o senador cearense Tasso Jereissati (PSDB), que vem atuando na CPI da Covid, garante que o presidente Jair Bolsonaro ser\u00e1 responsabilizado no t\u00e9rmino dos trabalhos da comiss\u00e3o pelo caos sanit\u00e1rio e as quase 500 mil mortes no Brasil. &#8220;Se voc\u00ea for falar de vacina, onde parou o processo de compra, a lentid\u00e3o, voc\u00ea vai no Pazuello, vai no outro, e acaba no Bolsonaro. Se voc\u00ea fala em cr\u00edticas e obst\u00e1culos ao afastamento social e ao uso de m\u00e1scara&#8230; Bolsonaro. Pode criticar o ministro da Sa\u00fade, mas acaba no Bolsonaro&#8221;, disse o senador tucano.<\/p>\n\n\n\n<p>Tasso ainda acrescenta: &#8220;Sobre a cloroquina, por que essa prescri\u00e7\u00e3o de um rem\u00e9dio sem comprova\u00e7\u00e3o cient\u00edfica, quem fez, quem n\u00e3o fez, segue a linha e acaba no Bolsonaro. E agora estamos vivendo esse problema de aglomera\u00e7\u00e3o, com uma amea\u00e7a, se j\u00e1 n\u00e3o uma realidade, de terceira onda. E o Minist\u00e9rio da Sa\u00fade praticamente imobilizado, n\u00e3o se pronuncia sobre essa aglomera\u00e7\u00e3o, se promove uma Copa Am\u00e9rica. E o que tem por tr\u00e1s disso? Bolsonaro. Ent\u00e3o, todos os ind\u00edcios levam ao grande chefe disso tudo, o grande chefe dessas falhas todas \u00e9 sem d\u00favida nenhuma o Bolsonaro, cercado por maus conselheiros&#8221;.<\/p>\n\n\n\n<p>Nesta semana, os membros da CPI devem votar a convoca\u00e7\u00e3o do presidente afastado da CBF, Rog\u00e9rio Caboclo, pra explicar a decis\u00e3o de trazer a Copa Am\u00e9rica de \u00faltima hora para o Brasil. Tamb\u00e9m devem ser centrados os trabalhos na descoberta de um &#8220;minist\u00e9rio paralelo&#8221; no Governo Bolsonaro para o enfrentamento da Covid-19.<\/p>\n\n\n\n<figure class=\"wp-block-image size-large\"><img loading=\"lazy\" decoding=\"async\" width=\"679\" height=\"452\" src=\"https:\/\/blogdorogeriogomes.com.br\/wp-content\/uploads\/2021\/06\/images-26.jpeg\" alt=\"\" class=\"wp-image-21528\" srcset=\"https:\/\/blogdorogeriogomes.com.br\/noticias\/wp-content\/uploads\/2021\/06\/images-26.jpeg 679w, https:\/\/blogdorogeriogomes.com.br\/noticias\/wp-content\/uploads\/2021\/06\/images-26-300x200.jpeg 300w\" sizes=\"auto, (max-width: 679px) 100vw, 679px\" \/><\/figure>\n","protected":false},"excerpt":{"rendered":"<p>Em entrevista concedida ao jornal O Globo, o senador cearense Tasso Jereissati (PSDB), que vem atuando na CPI da Covid, garante que o presidente Jair Bolsonaro ser\u00e1 responsabilizado no t\u00e9rmino dos trabalhos da comiss\u00e3o pelo caos sanit\u00e1rio e as quase 500 mil mortes no Brasil. &#8220;Se voc\u00ea for falar de vacina, onde parou o processo de compra, a lentid\u00e3o, voc\u00ea vai no Pazuello, vai no outro, e acaba no Bolsonaro. Se voc\u00ea fala em cr\u00edticas e obst\u00e1culos ao afastamento&hellip;<\/p>\n","protected":false},"author":1,"featured_media":21528,"comment_status":"open","ping_status":"open","sticky":false,"template":"","format":"standard","meta":{"footnotes":""},"categories":[1],"tags":[],"class_list":["post-21527","post","type-post","status-publish","format-standard","has-post-thumbnail","hentry","category-noticias"],"_links":{"self":[{"href":"https:\/\/blogdorogeriogomes.com.br\/noticias\/wp-json\/wp\/v2\/posts\/21527","targetHints":{"allow":["GET"]}}],"collection":[{"href":"https:\/\/blogdorogeriogomes.com.br\/noticias\/wp-json\/wp\/v2\/posts"}],"about":[{"href":"https:\/\/blogdorogeriogomes.com.br\/noticias\/wp-json\/wp\/v2\/types\/post"}],"author":[{"embeddable":true,"href":"https:\/\/blogdorogeriogomes.com.br\/noticias\/wp-json\/wp\/v2\/users\/1"}],"replies":[{"embeddable":true,"href":"https:\/\/blogdorogeriogomes.com.br\/noticias\/wp-json\/wp\/v2\/comments?post=21527"}],"version-history":[{"count":1,"href":"https:\/\/blogdorogeriogomes.com.br\/noticias\/wp-json\/wp\/v2\/posts\/21527\/revisions"}],"predecessor-version":[{"id":21529,"href":"https:\/\/blogdorogeriogomes.com.br\/noticias\/wp-json\/wp\/v2\/posts\/21527\/revisions\/21529"}],"wp:featuredmedia":[{"embeddable":true,"href":"https:\/\/blogdorogeriogomes.com.br\/noticias\/wp-json\/wp\/v2\/media\/21528"}],"wp:attachment":[{"href":"https:\/\/blogdorogeriogomes.com.br\/noticias\/wp-json\/wp\/v2\/media?parent=21527"}],"wp:term":[{"taxonomy":"category","embeddable":true,"href":"https:\/\/blogdorogeriogomes.com.br\/noticias\/wp-json\/wp\/v2\/categories?post=21527"},{"taxonomy":"post_tag","embeddable":true,"href":"https:\/\/blogdorogeriogomes.com.br\/noticias\/wp-json\/wp\/v2\/tags?post=21527"}],"curies":[{"name":"wp","href":"https:\/\/api.w.org\/{rel}","templated":true}]}}