{"id":21530,"date":"2021-06-07T18:19:19","date_gmt":"2021-06-07T18:19:19","guid":{"rendered":"https:\/\/blogdorogeriogomes.com.br\/?p=21530"},"modified":"2021-06-09T13:22:53","modified_gmt":"2021-06-09T13:22:53","slug":"pessoas-de-45-a-59-anos-cadastradas-comecam-a-ser-imunizadas-na-proxima-semana-em-fortaleza","status":"publish","type":"post","link":"https:\/\/blogdorogeriogomes.com.br\/noticias\/2021\/06\/pessoas-de-45-a-59-anos-cadastradas-comecam-a-ser-imunizadas-na-proxima-semana-em-fortaleza\/","title":{"rendered":"Pessoas de 45 a 59 anos cadastradas come\u00e7am a ser imunizadas na pr\u00f3xima semana em Fortaleza"},"content":{"rendered":"\n<p>O p\u00fablico geral de 45 a 59 anos em Fortaleza come\u00e7a a ser imunizado contra a Covid-19 na pr\u00f3xima semana. A informa\u00e7\u00e3o foi divulgada nesta segunda-feira, dia 7 de junho, pela Secretaria Municipal da Sa\u00fade (SMS). Para serem contempladas com a vacina\u00e7\u00e3o, as pessoas deste grupo devem estar cadastradas na plataforma Sa\u00fade Digital (https:\/\/digital.saude.ce.gov.br\/). A imuniza\u00e7\u00e3o envolvendo a popula\u00e7\u00e3o fora dos grupos priorit\u00e1rios iniciou no \u00faltimo domingo, com divulga\u00e7\u00e3o de agendados at\u00e9 a pr\u00f3xima sexta-feira.<\/p>\n\n\n\n<p>Com mais de 1 milh\u00e3o de doses aplicadas, o prefeito de Fortaleza, Jos\u00e9 Sarto (PDT), anunciou que a Capital ter\u00e1 a sua capacidade de vacina\u00e7\u00e3o ampliada para dar conta do novo fluxo. Ser\u00e3o ao todo 53 centros em funcionamento durante a semana, com 26 postos de sa\u00fade, tr\u00eas policl\u00ednicas, unidades no Centro de Eventos e no North Shopping J\u00f3quei.<\/p>\n\n\n\n<p>Outros locais j\u00e1 ativos na vacina\u00e7\u00e3o s\u00e3o os postos na Arena Castel\u00e3o, Cuca Barra, Cuca Jangurussu, Cuca Jos\u00e9 Walter, Cuca Mondubim, onde o procedimento ocorre na modalidade drive-thru.<\/p>\n\n\n\n<p>Nesta ter\u00e7a-feira, dia 8, novo lote com 97.110 doses da vacina da Pfizer chegam ao Cear\u00e1. O governador Camilo Santana (PT) anunciou o refor\u00e7o nos insumos por meio das suas redes sociais.<\/p>\n\n\n\n<figure class=\"wp-block-image size-large\"><img loading=\"lazy\" decoding=\"async\" width=\"701\" height=\"438\" src=\"https:\/\/blogdorogeriogomes.com.br\/wp-content\/uploads\/2021\/06\/images-27.jpeg\" alt=\"\" class=\"wp-image-21531\" srcset=\"https:\/\/blogdorogeriogomes.com.br\/noticias\/wp-content\/uploads\/2021\/06\/images-27.jpeg 701w, https:\/\/blogdorogeriogomes.com.br\/noticias\/wp-content\/uploads\/2021\/06\/images-27-300x187.jpeg 300w\" sizes=\"auto, (max-width: 701px) 100vw, 701px\" \/><\/figure>\n","protected":false},"excerpt":{"rendered":"<p>O p\u00fablico geral de 45 a 59 anos em Fortaleza come\u00e7a a ser imunizado contra a Covid-19 na pr\u00f3xima semana. A informa\u00e7\u00e3o foi divulgada nesta segunda-feira, dia 7 de junho, pela Secretaria Municipal da Sa\u00fade (SMS). Para serem contempladas com a vacina\u00e7\u00e3o, as pessoas deste grupo devem estar cadastradas na plataforma Sa\u00fade Digital (https:\/\/digital.saude.ce.gov.br\/). A imuniza\u00e7\u00e3o envolvendo a popula\u00e7\u00e3o fora dos grupos priorit\u00e1rios iniciou no \u00faltimo domingo, com divulga\u00e7\u00e3o de agendados at\u00e9 a pr\u00f3xima sexta-feira. Com mais de 1&hellip;<\/p>\n","protected":false},"author":1,"featured_media":21531,"comment_status":"open","ping_status":"open","sticky":false,"template":"","format":"standard","meta":{"footnotes":""},"categories":[1],"tags":[],"class_list":["post-21530","post","type-post","status-publish","format-standard","has-post-thumbnail","hentry","category-noticias"],"_links":{"self":[{"href":"https:\/\/blogdorogeriogomes.com.br\/noticias\/wp-json\/wp\/v2\/posts\/21530","targetHints":{"allow":["GET"]}}],"collection":[{"href":"https:\/\/blogdorogeriogomes.com.br\/noticias\/wp-json\/wp\/v2\/posts"}],"about":[{"href":"https:\/\/blogdorogeriogomes.com.br\/noticias\/wp-json\/wp\/v2\/types\/post"}],"author":[{"embeddable":true,"href":"https:\/\/blogdorogeriogomes.com.br\/noticias\/wp-json\/wp\/v2\/users\/1"}],"replies":[{"embeddable":true,"href":"https:\/\/blogdorogeriogomes.com.br\/noticias\/wp-json\/wp\/v2\/comments?post=21530"}],"version-history":[{"count":1,"href":"https:\/\/blogdorogeriogomes.com.br\/noticias\/wp-json\/wp\/v2\/posts\/21530\/revisions"}],"predecessor-version":[{"id":21532,"href":"https:\/\/blogdorogeriogomes.com.br\/noticias\/wp-json\/wp\/v2\/posts\/21530\/revisions\/21532"}],"wp:featuredmedia":[{"embeddable":true,"href":"https:\/\/blogdorogeriogomes.com.br\/noticias\/wp-json\/wp\/v2\/media\/21531"}],"wp:attachment":[{"href":"https:\/\/blogdorogeriogomes.com.br\/noticias\/wp-json\/wp\/v2\/media?parent=21530"}],"wp:term":[{"taxonomy":"category","embeddable":true,"href":"https:\/\/blogdorogeriogomes.com.br\/noticias\/wp-json\/wp\/v2\/categories?post=21530"},{"taxonomy":"post_tag","embeddable":true,"href":"https:\/\/blogdorogeriogomes.com.br\/noticias\/wp-json\/wp\/v2\/tags?post=21530"}],"curies":[{"name":"wp","href":"https:\/\/api.w.org\/{rel}","templated":true}]}}