{"id":21533,"date":"2021-06-07T20:01:41","date_gmt":"2021-06-07T20:01:41","guid":{"rendered":"https:\/\/blogdorogeriogomes.com.br\/?p=21533"},"modified":"2021-06-09T13:26:17","modified_gmt":"2021-06-09T13:26:17","slug":"semana-sera-marcada-por-novos-depoimentos-do-ministro-da-saude-e-do-governador-do-amazonas-na-cpi-da-covid","status":"publish","type":"post","link":"https:\/\/blogdorogeriogomes.com.br\/noticias\/2021\/06\/semana-sera-marcada-por-novos-depoimentos-do-ministro-da-saude-e-do-governador-do-amazonas-na-cpi-da-covid\/","title":{"rendered":"Semana ser\u00e1 marcada por novos depoimentos do ministro da Sa\u00fade e do governador do Amazonas na CPI da Covid"},"content":{"rendered":"\n<p>A semana na CPI da Covid ter\u00e1 in\u00edcio com o Minist\u00e9rio da Sa\u00fade novamente no centro do inqu\u00e9rito. O Senado Federal recebe o ministro Marcelo Queiroga (foto) mais uma vez, nesta ter\u00e7a-feira, dia 8 de junho, para os esclarecimentos de pontos sobre as a\u00e7\u00f5es e omiss\u00f5es do governo Bolsonaro na pandemia. Al\u00e9m disso, a reconvoca\u00e7\u00e3o de Queiroga envolve o contexto de confirma\u00e7\u00e3o do Brasil como sede da Copa Am\u00e9rica, em pleno cen\u00e1rio de crise sanit\u00e1ria decorrente da Covid-19.<\/p>\n\n\n\n<p>Na pr\u00f3xima quarta-feira, dia 9), \u00e9 a vez do ex-secret\u00e1rio executivo do Minist\u00e9rio da Sa\u00fade, Elcio Franco, responder sobre a sua atua\u00e7\u00e3o na \u00e9poca em que integrou a equipe do ex-ministro Eduardo Pazuello. Estar\u00e1 em pauta a exist\u00eancia do &#8220;minist\u00e9rio paralelo&#8221; formado por conselheiros do presidente Jair Bolsonaro fora do Governo Federal. Esta equipe teria levado ao Planalto decidir por n\u00e3o comprar vacinas no primeiro momento e apostar em tratamento precoce.<\/p>\n\n\n\n<p>O governador do Amazonas, Wilson Lima (PSC) ser\u00e1 ouvido na quinta-feira, dia 10. A gest\u00e3o de Lima \u00e9 alvo da Opera\u00e7\u00e3o Sangria, da Pol\u00edcia Federal, que investiga desvios na Sa\u00fade. Al\u00e9m disso, o governador \u00e9 acusado de participar de um esquema de desvio de verbas na compra de respiradores.<\/p>\n\n\n\n<p>Na sexta-feira, dia 11, a comiss\u00e3o convidou o m\u00e9dico sanitarista Claudio Maierovitch, ex-presidente da Anvisa e da Fiocruz, e a pesquisadora da Universidade de S\u00e3o Paulo, Natalia Pasternak, para falar sobre aspectos da pandemia da Covid-19.<\/p>\n\n\n\n<p>Ainda nesta semana, os senadores da CPI devem avaliar os pedidos de convoca\u00e7\u00e3o do presidente afastado da Confedera\u00e7\u00e3o Brasileira de Futebol (CBF), Rog\u00e9rio Caboclo, e do deputado federal e ex-ministro da Cidadania, Osmar Terra (MDB).<\/p>\n\n\n\n<figure class=\"wp-block-image size-large\"><img loading=\"lazy\" decoding=\"async\" width=\"984\" height=\"554\" src=\"https:\/\/blogdorogeriogomes.com.br\/wp-content\/uploads\/2021\/06\/age20210506058.jpg\" alt=\"\" class=\"wp-image-21534\" srcset=\"https:\/\/blogdorogeriogomes.com.br\/noticias\/wp-content\/uploads\/2021\/06\/age20210506058.jpg 984w, https:\/\/blogdorogeriogomes.com.br\/noticias\/wp-content\/uploads\/2021\/06\/age20210506058-300x169.jpg 300w, https:\/\/blogdorogeriogomes.com.br\/noticias\/wp-content\/uploads\/2021\/06\/age20210506058-768x432.jpg 768w, https:\/\/blogdorogeriogomes.com.br\/noticias\/wp-content\/uploads\/2021\/06\/age20210506058-800x450.jpg 800w\" sizes=\"auto, (max-width: 984px) 100vw, 984px\" \/><\/figure>\n","protected":false},"excerpt":{"rendered":"<p>A semana na CPI da Covid ter\u00e1 in\u00edcio com o Minist\u00e9rio da Sa\u00fade novamente no centro do inqu\u00e9rito. O Senado Federal recebe o ministro Marcelo Queiroga (foto) mais uma vez, nesta ter\u00e7a-feira, dia 8 de junho, para os esclarecimentos de pontos sobre as a\u00e7\u00f5es e omiss\u00f5es do governo Bolsonaro na pandemia. Al\u00e9m disso, a reconvoca\u00e7\u00e3o de Queiroga envolve o contexto de confirma\u00e7\u00e3o do Brasil como sede da Copa Am\u00e9rica, em pleno cen\u00e1rio de crise sanit\u00e1ria decorrente da Covid-19. Na&hellip;<\/p>\n","protected":false},"author":1,"featured_media":21534,"comment_status":"open","ping_status":"open","sticky":false,"template":"","format":"standard","meta":{"footnotes":""},"categories":[1],"tags":[],"class_list":["post-21533","post","type-post","status-publish","format-standard","has-post-thumbnail","hentry","category-noticias"],"_links":{"self":[{"href":"https:\/\/blogdorogeriogomes.com.br\/noticias\/wp-json\/wp\/v2\/posts\/21533","targetHints":{"allow":["GET"]}}],"collection":[{"href":"https:\/\/blogdorogeriogomes.com.br\/noticias\/wp-json\/wp\/v2\/posts"}],"about":[{"href":"https:\/\/blogdorogeriogomes.com.br\/noticias\/wp-json\/wp\/v2\/types\/post"}],"author":[{"embeddable":true,"href":"https:\/\/blogdorogeriogomes.com.br\/noticias\/wp-json\/wp\/v2\/users\/1"}],"replies":[{"embeddable":true,"href":"https:\/\/blogdorogeriogomes.com.br\/noticias\/wp-json\/wp\/v2\/comments?post=21533"}],"version-history":[{"count":1,"href":"https:\/\/blogdorogeriogomes.com.br\/noticias\/wp-json\/wp\/v2\/posts\/21533\/revisions"}],"predecessor-version":[{"id":21535,"href":"https:\/\/blogdorogeriogomes.com.br\/noticias\/wp-json\/wp\/v2\/posts\/21533\/revisions\/21535"}],"wp:featuredmedia":[{"embeddable":true,"href":"https:\/\/blogdorogeriogomes.com.br\/noticias\/wp-json\/wp\/v2\/media\/21534"}],"wp:attachment":[{"href":"https:\/\/blogdorogeriogomes.com.br\/noticias\/wp-json\/wp\/v2\/media?parent=21533"}],"wp:term":[{"taxonomy":"category","embeddable":true,"href":"https:\/\/blogdorogeriogomes.com.br\/noticias\/wp-json\/wp\/v2\/categories?post=21533"},{"taxonomy":"post_tag","embeddable":true,"href":"https:\/\/blogdorogeriogomes.com.br\/noticias\/wp-json\/wp\/v2\/tags?post=21533"}],"curies":[{"name":"wp","href":"https:\/\/api.w.org\/{rel}","templated":true}]}}