{"id":21536,"date":"2021-06-07T23:10:43","date_gmt":"2021-06-07T23:10:43","guid":{"rendered":"https:\/\/blogdorogeriogomes.com.br\/?p=21536"},"modified":"2021-06-09T13:24:27","modified_gmt":"2021-06-09T13:24:27","slug":"parque-do-coco-em-fortaleza-reabre-trilhas-a-partir-desta-terca-feira","status":"publish","type":"post","link":"https:\/\/blogdorogeriogomes.com.br\/noticias\/2021\/06\/parque-do-coco-em-fortaleza-reabre-trilhas-a-partir-desta-terca-feira\/","title":{"rendered":"Parque do Coc\u00f3, em Fortaleza, reabre trilhas a partir desta ter\u00e7a-feira"},"content":{"rendered":"\n<p>Ap\u00f3s 90 dias fechadas por causa de alagamentos e dos decretos de isolamento social, as trilhas do Parque do Coc\u00f3 ser\u00e3o reabertas nesta ter\u00e7a-feira, dia 8 de junho. A regi\u00e3o do anfiteatro, o cal\u00e7amento e \u00e1reas verdes comuns para a pr\u00e1tica de atividade f\u00edsica individual ou at\u00e9 tr\u00eas pessoas estar\u00e3o abertos de segunda a sexta-feira, das 5 \u00e0s 21 horas, exceto feriados, de acordo com o diretor e gestor do Parque do Coc\u00f3, Paulo Lyra. As trilhas voltam a ser fechadas nos finais de semana.<br>O local vai ser liberado, depois de passar por uma revitaliza\u00e7\u00e3o. A dire\u00e7\u00e3o do Parque do Coc\u00f3 refor\u00e7a a obrigatoriedade do uso de m\u00e1scaras durante todo o percurso e pede a colabora\u00e7\u00e3o da popula\u00e7\u00e3o.<br>Apesar da reabertura das trilhas e da \u00e1rea externa para atividades f\u00edsicas individuais, no momento atual, a utiliza\u00e7\u00e3o do parque para a pr\u00e1tica de esportes coletivos, ensaios fotogr\u00e1ficos, anivers\u00e1rios e piqueniques est\u00e1 proibida.<br>Um decreto que autoriza a amplia\u00e7\u00e3o da \u00e1rea total do Parque do Coc\u00f3, foi assinado pelo governador do Cear\u00e1, Camilo Santana, no \u00faltimo dia 2 de junho. Ser\u00e3o 10 hectares a mais, passando de 1.571 hectares para 1.581 hectares.<\/p>\n\n\n\n<figure class=\"wp-block-image size-large\"><img loading=\"lazy\" decoding=\"async\" width=\"640\" height=\"426\" src=\"https:\/\/blogdorogeriogomes.com.br\/wp-content\/uploads\/2021\/06\/IMG-20210607-WA0145.jpg\" alt=\"\" class=\"wp-image-21537\" srcset=\"https:\/\/blogdorogeriogomes.com.br\/noticias\/wp-content\/uploads\/2021\/06\/IMG-20210607-WA0145.jpg 640w, https:\/\/blogdorogeriogomes.com.br\/noticias\/wp-content\/uploads\/2021\/06\/IMG-20210607-WA0145-300x200.jpg 300w\" sizes=\"auto, (max-width: 640px) 100vw, 640px\" \/><\/figure>\n","protected":false},"excerpt":{"rendered":"<p>Ap\u00f3s 90 dias fechadas por causa de alagamentos e dos decretos de isolamento social, as trilhas do Parque do Coc\u00f3 ser\u00e3o reabertas nesta ter\u00e7a-feira, dia 8 de junho. A regi\u00e3o do anfiteatro, o cal\u00e7amento e \u00e1reas verdes comuns para a pr\u00e1tica de atividade f\u00edsica individual ou at\u00e9 tr\u00eas pessoas estar\u00e3o abertos de segunda a sexta-feira, das 5 \u00e0s 21 horas, exceto feriados, de acordo com o diretor e gestor do Parque do Coc\u00f3, Paulo Lyra. As trilhas voltam a&hellip;<\/p>\n","protected":false},"author":1,"featured_media":21537,"comment_status":"open","ping_status":"open","sticky":false,"template":"","format":"standard","meta":{"footnotes":""},"categories":[1],"tags":[],"class_list":["post-21536","post","type-post","status-publish","format-standard","has-post-thumbnail","hentry","category-noticias"],"_links":{"self":[{"href":"https:\/\/blogdorogeriogomes.com.br\/noticias\/wp-json\/wp\/v2\/posts\/21536","targetHints":{"allow":["GET"]}}],"collection":[{"href":"https:\/\/blogdorogeriogomes.com.br\/noticias\/wp-json\/wp\/v2\/posts"}],"about":[{"href":"https:\/\/blogdorogeriogomes.com.br\/noticias\/wp-json\/wp\/v2\/types\/post"}],"author":[{"embeddable":true,"href":"https:\/\/blogdorogeriogomes.com.br\/noticias\/wp-json\/wp\/v2\/users\/1"}],"replies":[{"embeddable":true,"href":"https:\/\/blogdorogeriogomes.com.br\/noticias\/wp-json\/wp\/v2\/comments?post=21536"}],"version-history":[{"count":1,"href":"https:\/\/blogdorogeriogomes.com.br\/noticias\/wp-json\/wp\/v2\/posts\/21536\/revisions"}],"predecessor-version":[{"id":21538,"href":"https:\/\/blogdorogeriogomes.com.br\/noticias\/wp-json\/wp\/v2\/posts\/21536\/revisions\/21538"}],"wp:featuredmedia":[{"embeddable":true,"href":"https:\/\/blogdorogeriogomes.com.br\/noticias\/wp-json\/wp\/v2\/media\/21537"}],"wp:attachment":[{"href":"https:\/\/blogdorogeriogomes.com.br\/noticias\/wp-json\/wp\/v2\/media?parent=21536"}],"wp:term":[{"taxonomy":"category","embeddable":true,"href":"https:\/\/blogdorogeriogomes.com.br\/noticias\/wp-json\/wp\/v2\/categories?post=21536"},{"taxonomy":"post_tag","embeddable":true,"href":"https:\/\/blogdorogeriogomes.com.br\/noticias\/wp-json\/wp\/v2\/tags?post=21536"}],"curies":[{"name":"wp","href":"https:\/\/api.w.org\/{rel}","templated":true}]}}