{"id":21539,"date":"2021-06-08T09:52:16","date_gmt":"2021-06-08T09:52:16","guid":{"rendered":"https:\/\/blogdorogeriogomes.com.br\/?p=21539"},"modified":"2021-06-09T13:22:25","modified_gmt":"2021-06-09T13:22:25","slug":"justica-determina-que-motoristas-devem-manter-70-da-frota-circulando-em-fortaleza","status":"publish","type":"post","link":"https:\/\/blogdorogeriogomes.com.br\/noticias\/2021\/06\/justica-determina-que-motoristas-devem-manter-70-da-frota-circulando-em-fortaleza\/","title":{"rendered":"Justi\u00e7a determina que motoristas devem manter 70% da frota circulando em Fortaleza"},"content":{"rendered":"\n<p>A greve de motoristas do transporte coletivo em Fortaleza anunciada para esta ter\u00e7a-feira, dia 8 de junho, sofreu um rev\u00e9s determinado pelo Tribunal Regional do Trabalho do Cear\u00e1 (TRT-CE). O Sindicato dos Trabalhadores Rodovi\u00e1rios (Sintro) fica obrigado a manter 70% da frota circulando na Capital. Os trabalhadores reivindicam reajuste salarial dos empres\u00e1rios referentes a perdas em 2020 e 2021. <\/p>\n\n\n\n<p>O desembargador Paulo R\u00e9gis Machado Botelho estipulou multa di\u00e1ria de R$ 30 mil caso haja descumprimento da decis\u00e3o judicial. O Sintro tamb\u00e9m fica proibido de realizar bloqueios em terminais rodovi\u00e1rios, garagens de ve\u00edculos, vias p\u00fablicas e outras paradas de transporte p\u00fablico.<\/p>\n\n\n\n<figure class=\"wp-block-image size-large\"><img loading=\"lazy\" decoding=\"async\" width=\"678\" height=\"452\" src=\"https:\/\/blogdorogeriogomes.com.br\/wp-content\/uploads\/2021\/06\/images-28.jpeg\" alt=\"\" class=\"wp-image-21540\" srcset=\"https:\/\/blogdorogeriogomes.com.br\/noticias\/wp-content\/uploads\/2021\/06\/images-28.jpeg 678w, https:\/\/blogdorogeriogomes.com.br\/noticias\/wp-content\/uploads\/2021\/06\/images-28-300x200.jpeg 300w\" sizes=\"auto, (max-width: 678px) 100vw, 678px\" \/><\/figure>\n","protected":false},"excerpt":{"rendered":"<p>A greve de motoristas do transporte coletivo em Fortaleza anunciada para esta ter\u00e7a-feira, dia 8 de junho, sofreu um rev\u00e9s determinado pelo Tribunal Regional do Trabalho do Cear\u00e1 (TRT-CE). O Sindicato dos Trabalhadores Rodovi\u00e1rios (Sintro) fica obrigado a manter 70% da frota circulando na Capital. Os trabalhadores reivindicam reajuste salarial dos empres\u00e1rios referentes a perdas em 2020 e 2021. O desembargador Paulo R\u00e9gis Machado Botelho estipulou multa di\u00e1ria de R$ 30 mil caso haja descumprimento da decis\u00e3o judicial. O&hellip;<\/p>\n","protected":false},"author":1,"featured_media":21540,"comment_status":"open","ping_status":"open","sticky":false,"template":"","format":"standard","meta":{"footnotes":""},"categories":[1],"tags":[],"class_list":["post-21539","post","type-post","status-publish","format-standard","has-post-thumbnail","hentry","category-noticias"],"_links":{"self":[{"href":"https:\/\/blogdorogeriogomes.com.br\/noticias\/wp-json\/wp\/v2\/posts\/21539","targetHints":{"allow":["GET"]}}],"collection":[{"href":"https:\/\/blogdorogeriogomes.com.br\/noticias\/wp-json\/wp\/v2\/posts"}],"about":[{"href":"https:\/\/blogdorogeriogomes.com.br\/noticias\/wp-json\/wp\/v2\/types\/post"}],"author":[{"embeddable":true,"href":"https:\/\/blogdorogeriogomes.com.br\/noticias\/wp-json\/wp\/v2\/users\/1"}],"replies":[{"embeddable":true,"href":"https:\/\/blogdorogeriogomes.com.br\/noticias\/wp-json\/wp\/v2\/comments?post=21539"}],"version-history":[{"count":1,"href":"https:\/\/blogdorogeriogomes.com.br\/noticias\/wp-json\/wp\/v2\/posts\/21539\/revisions"}],"predecessor-version":[{"id":21541,"href":"https:\/\/blogdorogeriogomes.com.br\/noticias\/wp-json\/wp\/v2\/posts\/21539\/revisions\/21541"}],"wp:featuredmedia":[{"embeddable":true,"href":"https:\/\/blogdorogeriogomes.com.br\/noticias\/wp-json\/wp\/v2\/media\/21540"}],"wp:attachment":[{"href":"https:\/\/blogdorogeriogomes.com.br\/noticias\/wp-json\/wp\/v2\/media?parent=21539"}],"wp:term":[{"taxonomy":"category","embeddable":true,"href":"https:\/\/blogdorogeriogomes.com.br\/noticias\/wp-json\/wp\/v2\/categories?post=21539"},{"taxonomy":"post_tag","embeddable":true,"href":"https:\/\/blogdorogeriogomes.com.br\/noticias\/wp-json\/wp\/v2\/tags?post=21539"}],"curies":[{"name":"wp","href":"https:\/\/api.w.org\/{rel}","templated":true}]}}