{"id":21542,"date":"2021-06-08T10:32:38","date_gmt":"2021-06-08T10:32:38","guid":{"rendered":"https:\/\/blogdorogeriogomes.com.br\/?p=21542"},"modified":"2021-06-09T13:22:14","modified_gmt":"2021-06-09T13:22:14","slug":"ministros-do-tcu-desmentem-bolsonaro-sobre-relatorio-de-mortes-por-covid-19-no-pais","status":"publish","type":"post","link":"https:\/\/blogdorogeriogomes.com.br\/noticias\/2021\/06\/ministros-do-tcu-desmentem-bolsonaro-sobre-relatorio-de-mortes-por-covid-19-no-pais\/","title":{"rendered":"Ministros do TCU desmentem Bolsonaro sobre relat\u00f3rio de mortes por Covid-19 no Pa\u00eds"},"content":{"rendered":"\n<p>Os ministros do Tribunal de Contas da Uni\u00e3o (TCU) reagiram \u00e0s mentiras contadas pelo presidente Jair Bolsonaro no chamado &#8220;cercadinho&#8221; do Pal\u00e1cio da Alvorada, em Bras\u00edlia, em conversa com apoiadores a respeito do n\u00famero de mortes por Covid-19. Bolsonaro quis insinuar que o TCU tem um relat\u00f3rio que questionaria 50% dos registros de morte por Covid-19 no Pa\u00eds, o que n\u00e3o \u00e9 verdade. &#8220;O TCU esclarece que n\u00e3o h\u00e1 informa\u00e7\u00f5es em relat\u00f3rios do tribunal que apontem que &#8216;em torno de 50% dos \u00f3bitos por Covid no ano passado n\u00e3o foram por Covid&#8217;, conforme afirma\u00e7\u00e3o do Presidente Jair Bolsonaro divulgada hoje&#8221;, diz nota do TCU.<\/p>\n\n\n\n<p>A mentira de Bolsonaro escandalizou integrantes do TCU.&nbsp;N\u00e3o precisa nem dizer que Bolsonaro espalhou a informa\u00e7\u00e3o falsa nas redes sociais e entre jornalistas aliados, que s\u00e3o muito bem pagos pelo Planalto para disseminar mentiras. A estrat\u00e9gia faz parte do negacionismo sobre a gravidade da pandemia do coronav\u00edrus que j\u00e1 matou mais de 474 mil pessoas no Brasil.<\/p>\n\n\n\n<p>Em tempo: nesta segunda-feira, dia 7 de junho, Jair Bolsonaro confirmou o nome do ex-prefeito do Rio de Janeiro, Marcelo Crivella (Republicanos), para que ele assuma o posto de embaixador do Brasil na \u00c1frica do Sul. Ex-prefeito e bispo licenciado da Igreja Universal, Crivella tem de ser submetido a sabatina no Senado. Crivella foi preso no ano passado, denunciado como chefe de um suposto grupo criminoso que teria institu\u00eddo um esquema de cobran\u00e7a de propina na Prefeitura do Rio. <\/p>\n\n\n\n<p>Em Angola, a Igreja Universal enfrenta den\u00fancias contra dirigentes por lavagem de dinheiro, evas\u00e3o de divisas e associa\u00e7\u00e3o criminosa.&nbsp;<\/p>\n\n\n\n<figure class=\"wp-block-image size-large\"><img loading=\"lazy\" decoding=\"async\" width=\"763\" height=\"402\" src=\"https:\/\/blogdorogeriogomes.com.br\/wp-content\/uploads\/2021\/06\/images-29.jpeg\" alt=\"\" class=\"wp-image-21543\" srcset=\"https:\/\/blogdorogeriogomes.com.br\/noticias\/wp-content\/uploads\/2021\/06\/images-29.jpeg 763w, https:\/\/blogdorogeriogomes.com.br\/noticias\/wp-content\/uploads\/2021\/06\/images-29-300x158.jpeg 300w\" sizes=\"auto, (max-width: 763px) 100vw, 763px\" \/><\/figure>\n","protected":false},"excerpt":{"rendered":"<p>Os ministros do Tribunal de Contas da Uni\u00e3o (TCU) reagiram \u00e0s mentiras contadas pelo presidente Jair Bolsonaro no chamado &#8220;cercadinho&#8221; do Pal\u00e1cio da Alvorada, em Bras\u00edlia, em conversa com apoiadores a respeito do n\u00famero de mortes por Covid-19. Bolsonaro quis insinuar que o TCU tem um relat\u00f3rio que questionaria 50% dos registros de morte por Covid-19 no Pa\u00eds, o que n\u00e3o \u00e9 verdade. &#8220;O TCU esclarece que n\u00e3o h\u00e1 informa\u00e7\u00f5es em relat\u00f3rios do tribunal que apontem que &#8216;em torno&hellip;<\/p>\n","protected":false},"author":1,"featured_media":21543,"comment_status":"open","ping_status":"open","sticky":false,"template":"","format":"standard","meta":{"footnotes":""},"categories":[1],"tags":[],"class_list":["post-21542","post","type-post","status-publish","format-standard","has-post-thumbnail","hentry","category-noticias"],"_links":{"self":[{"href":"https:\/\/blogdorogeriogomes.com.br\/noticias\/wp-json\/wp\/v2\/posts\/21542","targetHints":{"allow":["GET"]}}],"collection":[{"href":"https:\/\/blogdorogeriogomes.com.br\/noticias\/wp-json\/wp\/v2\/posts"}],"about":[{"href":"https:\/\/blogdorogeriogomes.com.br\/noticias\/wp-json\/wp\/v2\/types\/post"}],"author":[{"embeddable":true,"href":"https:\/\/blogdorogeriogomes.com.br\/noticias\/wp-json\/wp\/v2\/users\/1"}],"replies":[{"embeddable":true,"href":"https:\/\/blogdorogeriogomes.com.br\/noticias\/wp-json\/wp\/v2\/comments?post=21542"}],"version-history":[{"count":2,"href":"https:\/\/blogdorogeriogomes.com.br\/noticias\/wp-json\/wp\/v2\/posts\/21542\/revisions"}],"predecessor-version":[{"id":21560,"href":"https:\/\/blogdorogeriogomes.com.br\/noticias\/wp-json\/wp\/v2\/posts\/21542\/revisions\/21560"}],"wp:featuredmedia":[{"embeddable":true,"href":"https:\/\/blogdorogeriogomes.com.br\/noticias\/wp-json\/wp\/v2\/media\/21543"}],"wp:attachment":[{"href":"https:\/\/blogdorogeriogomes.com.br\/noticias\/wp-json\/wp\/v2\/media?parent=21542"}],"wp:term":[{"taxonomy":"category","embeddable":true,"href":"https:\/\/blogdorogeriogomes.com.br\/noticias\/wp-json\/wp\/v2\/categories?post=21542"},{"taxonomy":"post_tag","embeddable":true,"href":"https:\/\/blogdorogeriogomes.com.br\/noticias\/wp-json\/wp\/v2\/tags?post=21542"}],"curies":[{"name":"wp","href":"https:\/\/api.w.org\/{rel}","templated":true}]}}