{"id":21545,"date":"2021-06-08T16:03:58","date_gmt":"2021-06-08T16:03:58","guid":{"rendered":"https:\/\/blogdorogeriogomes.com.br\/?p=21545"},"modified":"2021-06-09T13:21:58","modified_gmt":"2021-06-09T13:21:58","slug":"alexandre-de-moraes-retira-sigilo-de-inquerito-sobre-atos-contra-a-democracia-de-2020-pedido-da-pgr-para-arquivar-a-investigacao-gera-questionamento-sobre-parcialidade-de-augusto-aras","status":"publish","type":"post","link":"https:\/\/blogdorogeriogomes.com.br\/noticias\/2021\/06\/alexandre-de-moraes-retira-sigilo-de-inquerito-sobre-atos-contra-a-democracia-de-2020-pedido-da-pgr-para-arquivar-a-investigacao-gera-questionamento-sobre-parcialidade-de-augusto-aras\/","title":{"rendered":"Alexandre de Moraes retira sigilo de inqu\u00e9rito sobre atos contra a democracia de 2020. Pedido da PGR para arquivar a investiga\u00e7\u00e3o gera questionamento sobre parcialidade de Augusto Aras"},"content":{"rendered":"\n<p>As investiga\u00e7\u00f5es dos atos antidemocr\u00e1ticos envolvendo aliados do presidente Jair Bolsonaro seguir\u00e3o com novos cap\u00edtulos. O ministro do Supremo Tribunal Federal (STF), Alexandre de Moraes, levantou o sigilo sobre os autos do inqu\u00e9rito e exigiu que a Procuradoria-geral da Rep\u00fablica (PGR) esclare\u00e7a o pedido de arquivamento da apura\u00e7\u00e3o de parlamentares bolsonaristas na organiza\u00e7\u00e3o dos eventos de 2020, feito no \u00faltimo dia 4 de junho.<\/p>\n\n\n\n<p>Moraes afirmou ainda que \u00e9 necess\u00e1rio saber o que se tem na investiga\u00e7\u00e3o que deve ser repassada a outras inst\u00e2ncias da Justi\u00e7a, visto que a PGR aponta que o processo deve seguir na Justi\u00e7a Federal e na Justi\u00e7a Estadual. O argumento da PGR, em parecer assinado pelo vice-procurador-geral Humberto Jacques de Medeiros, \u00e9 de que a Pol\u00edcia Federal n\u00e3o conseguiu delimitar o inqu\u00e9rito.<\/p>\n\n\n\n<p>Sobre a quebra de sigilo, o ministro do STF justifica que n\u00e3o h\u00e1 motivos para se manter &#8220;total restri\u00e7\u00e3o de publicidade&#8221;, pois o relat\u00f3rio da Pol\u00edcia Federal sobre o caso foi apresentado em dezembro ao Supremo.<\/p>\n\n\n\n<p>Na investiga\u00e7\u00e3o, a Pol\u00edcia Federal identificou que uma rede de contas falsas no Facebook para articula\u00e7\u00e3o dos atos antidemocr\u00e1ticos foi operada diretamente de um dos endere\u00e7os ligados ao presidente, no Pal\u00e1cio do Planalto, e na casa de Bolsonaro, na Barra da Tijuca.<\/p>\n\n\n\n<p>A situa\u00e7\u00e3o ocorre em um contexto no qual o procurador-geral da Rep\u00fablica, Augusto Aras, encontra-se isolado no Minist\u00e9rio P\u00fablico Federal, devido a desgastes internos e acusa\u00e7\u00f5es de omiss\u00e3o na fiscaliza\u00e7\u00e3o de atos envolvendo a fam\u00edlia Bolsonaro e seus aliados mais pr\u00f3ximos. Segundo reportagens que apontam os bastidores do Planalto, o presidente tem em Aras uma figura da qual n\u00e3o abre m\u00e3o \u00e0 frente da PGR. Augusto Aras \u00e9 forte candidato a uma nova vaga no Supremo Tribunal Federal e tenta a todo o custo agradar o presidente Jair Bolsonaro.<\/p>\n\n\n\n<figure class=\"wp-block-image size-large\"><img loading=\"lazy\" decoding=\"async\" width=\"800\" height=\"384\" src=\"https:\/\/blogdorogeriogomes.com.br\/wp-content\/uploads\/2021\/06\/images-30.jpeg\" alt=\"\" class=\"wp-image-21546\" srcset=\"https:\/\/blogdorogeriogomes.com.br\/noticias\/wp-content\/uploads\/2021\/06\/images-30.jpeg 800w, https:\/\/blogdorogeriogomes.com.br\/noticias\/wp-content\/uploads\/2021\/06\/images-30-300x144.jpeg 300w, https:\/\/blogdorogeriogomes.com.br\/noticias\/wp-content\/uploads\/2021\/06\/images-30-768x369.jpeg 768w\" sizes=\"auto, (max-width: 800px) 100vw, 800px\" \/><\/figure>\n","protected":false},"excerpt":{"rendered":"<p>As investiga\u00e7\u00f5es dos atos antidemocr\u00e1ticos envolvendo aliados do presidente Jair Bolsonaro seguir\u00e3o com novos cap\u00edtulos. O ministro do Supremo Tribunal Federal (STF), Alexandre de Moraes, levantou o sigilo sobre os autos do inqu\u00e9rito e exigiu que a Procuradoria-geral da Rep\u00fablica (PGR) esclare\u00e7a o pedido de arquivamento da apura\u00e7\u00e3o de parlamentares bolsonaristas na organiza\u00e7\u00e3o dos eventos de 2020, feito no \u00faltimo dia 4 de junho. Moraes afirmou ainda que \u00e9 necess\u00e1rio saber o que se tem na investiga\u00e7\u00e3o que deve&hellip;<\/p>\n","protected":false},"author":1,"featured_media":21546,"comment_status":"open","ping_status":"open","sticky":false,"template":"","format":"standard","meta":{"footnotes":""},"categories":[1],"tags":[],"class_list":["post-21545","post","type-post","status-publish","format-standard","has-post-thumbnail","hentry","category-noticias"],"_links":{"self":[{"href":"https:\/\/blogdorogeriogomes.com.br\/noticias\/wp-json\/wp\/v2\/posts\/21545","targetHints":{"allow":["GET"]}}],"collection":[{"href":"https:\/\/blogdorogeriogomes.com.br\/noticias\/wp-json\/wp\/v2\/posts"}],"about":[{"href":"https:\/\/blogdorogeriogomes.com.br\/noticias\/wp-json\/wp\/v2\/types\/post"}],"author":[{"embeddable":true,"href":"https:\/\/blogdorogeriogomes.com.br\/noticias\/wp-json\/wp\/v2\/users\/1"}],"replies":[{"embeddable":true,"href":"https:\/\/blogdorogeriogomes.com.br\/noticias\/wp-json\/wp\/v2\/comments?post=21545"}],"version-history":[{"count":1,"href":"https:\/\/blogdorogeriogomes.com.br\/noticias\/wp-json\/wp\/v2\/posts\/21545\/revisions"}],"predecessor-version":[{"id":21547,"href":"https:\/\/blogdorogeriogomes.com.br\/noticias\/wp-json\/wp\/v2\/posts\/21545\/revisions\/21547"}],"wp:featuredmedia":[{"embeddable":true,"href":"https:\/\/blogdorogeriogomes.com.br\/noticias\/wp-json\/wp\/v2\/media\/21546"}],"wp:attachment":[{"href":"https:\/\/blogdorogeriogomes.com.br\/noticias\/wp-json\/wp\/v2\/media?parent=21545"}],"wp:term":[{"taxonomy":"category","embeddable":true,"href":"https:\/\/blogdorogeriogomes.com.br\/noticias\/wp-json\/wp\/v2\/categories?post=21545"},{"taxonomy":"post_tag","embeddable":true,"href":"https:\/\/blogdorogeriogomes.com.br\/noticias\/wp-json\/wp\/v2\/tags?post=21545"}],"curies":[{"name":"wp","href":"https:\/\/api.w.org\/{rel}","templated":true}]}}