{"id":21548,"date":"2021-06-08T21:00:45","date_gmt":"2021-06-08T21:00:45","guid":{"rendered":"https:\/\/blogdorogeriogomes.com.br\/?p=21548"},"modified":"2021-06-09T13:25:25","modified_gmt":"2021-06-09T13:25:25","slug":"queiroga-afirma-na-cpi-que-tratamento-precoce-nao-tem-eficacia-mas-evita-comentar-sobre-conduta-de-bolsonaro","status":"publish","type":"post","link":"https:\/\/blogdorogeriogomes.com.br\/noticias\/2021\/06\/queiroga-afirma-na-cpi-que-tratamento-precoce-nao-tem-eficacia-mas-evita-comentar-sobre-conduta-de-bolsonaro\/","title":{"rendered":"Queiroga afirma na CPI que tratamento precoce n\u00e3o tem efic\u00e1cia, mas evita comentar sobre conduta de Bolsonaro"},"content":{"rendered":"\n<p>Em novo depoimento para a CPI da Covid nesta ter\u00e7a-feira, dia 8 de junho, no Senado Federal, o ministro da Sa\u00fade, Marcelo Queiroga, admitiu que o tratamento precoce contra Covid-19 n\u00e3o disp\u00f5e de efic\u00e1cia comprovada. A reposta foi dada ao relator da comiss\u00e3o, senador Renan Calheiros (MDB), quando este perguntou qual seria a opini\u00e3o de Queiroga, enquanto m\u00e9dico, sobre o uso de cloroquina, hidroxicloroquina e ivermectina no combate ao coronav\u00edrus.<\/p>\n\n\n\n<p>&#8220;Eu j\u00e1 respondi \u00e0 vossa excel\u00eancia. Essas medica\u00e7\u00f5es n\u00e3o t\u00eam efic\u00e1cia comprovada. N\u00e3o tem efic\u00e1cia comprovada, volto a repetir&#8221;, disse o ministro de forma enf\u00e1tica. Na sequ\u00eancia, quando pressionado sobre o porqu\u00ea da associa\u00e7\u00e3o de cloroquina com a Covid-19 ainda estar publicada no site do Minist\u00e9rio da Sa\u00fade, Queiroga afirmou que isso n\u00e3o seria retirado por ser registro hist\u00f3rico da pandemia no Pa\u00eds, e que a cloroquina \u00e9 assunto &#8220;unilateral que n\u00e3o contribui&#8221;.<\/p>\n\n\n\n<p>Apesar da resposta t\u00e9cnica sobre os medicamentos e de ter sinalizado a favor das medidas de vacina\u00e7\u00e3o da popula\u00e7\u00e3o (projetou 160 milh\u00f5es de brasileiros vacinados at\u00e9 dezembro), o ministro fugiu de qualquer confronto \u00e0s manifesta\u00e7\u00f5es do presidente Jair Bolsonaro contra os protocolos sanit\u00e1rios e orienta\u00e7\u00f5es da Organiza\u00e7\u00e3o Mundial de Sa\u00fade (OMS). Bolsonaro continua promover aglomera\u00e7\u00f5es e sem fazer uso de m\u00e1scara.<\/p>\n\n\n\n<p>&#8220;Eu tomo as atitudes que est\u00e3o ao meu alcance. O que est\u00e1 fora do meu alcance (decis\u00f5es do presidente), n\u00e3o tenho o que fazer&#8221;, disse o depoente. Diante da postura de Queiroga, o senador Tasso Jereissati alegou que o titular da Sa\u00fade est\u00e1 sendo omisso quando n\u00e3o critica as aglomera\u00e7\u00f5es e negacionismo do presidente. &#8220;O senhor acha que uma campanha pelo distanciamento tem efeito quando o seu l\u00edder faz o contr\u00e1rio? \u00c9 um boicote \u00e0 sua pr\u00f3pria campanha&#8221;, disse Tasso.<\/p>\n\n\n\n<p>Quando o assunto foi a realiza\u00e7\u00e3o da Copa Am\u00e9rica no Brasil, o ministro disse n\u00e3o ver problema do ponto de vista epidemiol\u00f3gico. &#8220;O risco de se contrair a doen\u00e7a \u00e9 o mesmo com jogo ou sem jogo. N\u00e3o h\u00e1 risco adicional&#8221;. Bolsonaro foi o principal articulador para que a competi\u00e7\u00e3o ocorresse no Brasil.<\/p>\n\n\n\n<figure class=\"wp-block-image size-large\"><img loading=\"lazy\" decoding=\"async\" width=\"1024\" height=\"682\" src=\"https:\/\/blogdorogeriogomes.com.br\/wp-content\/uploads\/2021\/06\/queiroga-1418850-1024x682.jpg\" alt=\"\" class=\"wp-image-21549\" srcset=\"https:\/\/blogdorogeriogomes.com.br\/noticias\/wp-content\/uploads\/2021\/06\/queiroga-1418850-1024x682.jpg 1024w, https:\/\/blogdorogeriogomes.com.br\/noticias\/wp-content\/uploads\/2021\/06\/queiroga-1418850-300x200.jpg 300w, https:\/\/blogdorogeriogomes.com.br\/noticias\/wp-content\/uploads\/2021\/06\/queiroga-1418850-768x511.jpg 768w, https:\/\/blogdorogeriogomes.com.br\/noticias\/wp-content\/uploads\/2021\/06\/queiroga-1418850-800x533.jpg 800w, https:\/\/blogdorogeriogomes.com.br\/noticias\/wp-content\/uploads\/2021\/06\/queiroga-1418850.jpg 1110w\" sizes=\"auto, (max-width: 1024px) 100vw, 1024px\" \/><\/figure>\n","protected":false},"excerpt":{"rendered":"<p>Em novo depoimento para a CPI da Covid nesta ter\u00e7a-feira, dia 8 de junho, no Senado Federal, o ministro da Sa\u00fade, Marcelo Queiroga, admitiu que o tratamento precoce contra Covid-19 n\u00e3o disp\u00f5e de efic\u00e1cia comprovada. A reposta foi dada ao relator da comiss\u00e3o, senador Renan Calheiros (MDB), quando este perguntou qual seria a opini\u00e3o de Queiroga, enquanto m\u00e9dico, sobre o uso de cloroquina, hidroxicloroquina e ivermectina no combate ao coronav\u00edrus. &#8220;Eu j\u00e1 respondi \u00e0 vossa excel\u00eancia. Essas medica\u00e7\u00f5es n\u00e3o&hellip;<\/p>\n","protected":false},"author":1,"featured_media":21549,"comment_status":"open","ping_status":"open","sticky":false,"template":"","format":"standard","meta":{"footnotes":""},"categories":[1],"tags":[],"class_list":["post-21548","post","type-post","status-publish","format-standard","has-post-thumbnail","hentry","category-noticias"],"_links":{"self":[{"href":"https:\/\/blogdorogeriogomes.com.br\/noticias\/wp-json\/wp\/v2\/posts\/21548","targetHints":{"allow":["GET"]}}],"collection":[{"href":"https:\/\/blogdorogeriogomes.com.br\/noticias\/wp-json\/wp\/v2\/posts"}],"about":[{"href":"https:\/\/blogdorogeriogomes.com.br\/noticias\/wp-json\/wp\/v2\/types\/post"}],"author":[{"embeddable":true,"href":"https:\/\/blogdorogeriogomes.com.br\/noticias\/wp-json\/wp\/v2\/users\/1"}],"replies":[{"embeddable":true,"href":"https:\/\/blogdorogeriogomes.com.br\/noticias\/wp-json\/wp\/v2\/comments?post=21548"}],"version-history":[{"count":1,"href":"https:\/\/blogdorogeriogomes.com.br\/noticias\/wp-json\/wp\/v2\/posts\/21548\/revisions"}],"predecessor-version":[{"id":21550,"href":"https:\/\/blogdorogeriogomes.com.br\/noticias\/wp-json\/wp\/v2\/posts\/21548\/revisions\/21550"}],"wp:featuredmedia":[{"embeddable":true,"href":"https:\/\/blogdorogeriogomes.com.br\/noticias\/wp-json\/wp\/v2\/media\/21549"}],"wp:attachment":[{"href":"https:\/\/blogdorogeriogomes.com.br\/noticias\/wp-json\/wp\/v2\/media?parent=21548"}],"wp:term":[{"taxonomy":"category","embeddable":true,"href":"https:\/\/blogdorogeriogomes.com.br\/noticias\/wp-json\/wp\/v2\/categories?post=21548"},{"taxonomy":"post_tag","embeddable":true,"href":"https:\/\/blogdorogeriogomes.com.br\/noticias\/wp-json\/wp\/v2\/tags?post=21548"}],"curies":[{"name":"wp","href":"https:\/\/api.w.org\/{rel}","templated":true}]}}