{"id":21551,"date":"2021-06-08T22:46:17","date_gmt":"2021-06-08T22:46:17","guid":{"rendered":"https:\/\/blogdorogeriogomes.com.br\/?p=21551"},"modified":"2021-06-09T13:20:52","modified_gmt":"2021-06-09T13:20:52","slug":"fortaleza-foi-selecionada-para-receber-recursos-internacionais-para-vacinacao-contra-covid-19","status":"publish","type":"post","link":"https:\/\/blogdorogeriogomes.com.br\/noticias\/2021\/06\/fortaleza-foi-selecionada-para-receber-recursos-internacionais-para-vacinacao-contra-covid-19\/","title":{"rendered":"Fortaleza foi selecionada para receber recursos internacionais para vacina\u00e7\u00e3o contra Covid-19"},"content":{"rendered":"\n<p>O prefeito de Fortaleza, Jos\u00e9 Sarto, anunciou  nesta ter\u00e7a-feira, dia 8 de junho, que Fortaleza foi uma das 18 cidades da Am\u00e9rica Latina, \u00c1frica e \u00c1sia a receber recursos para o fortalecimento da vacina\u00e7\u00e3o contra a Covid-19. Somente as cidades de Fortaleza e Rio de Janeiro foram escolhidas no Brasil.<br>O aporte financeiro foi captado pela Funda\u00e7\u00e3o de Ci\u00eancia, Tecnologia e Inova\u00e7\u00e3o de Fortaleza (Citinova) e ser\u00e1 de cerca de US$ 50 mil, que ser\u00e3o aplicados na plataforma Vacine J\u00e1. O aporte tamb\u00e9m ser\u00e1 acompanhado de assist\u00eancia t\u00e9cnica de especialistas da sa\u00fade.<br>A a\u00e7\u00e3o \u00e9 fruto da iniciativa Parceria por Cidades Saud\u00e1veis da Bloomberg Philanthropies, em colabora\u00e7\u00e3o com a Organiza\u00e7\u00e3o Mundial da Sa\u00fade e a Vital Strategies.<br>J\u00e1 o secret\u00e1rio de Sa\u00fade do Cear\u00e1, Dr. Cabeto, em entrevista \u00e0 r\u00e1dio O POVO\/CBN, tamb\u00e9m nesta ter\u00e7a-feira, ressaltou que o governo estadual busca vacinar a popula\u00e7\u00e3o maior de 18 anos no Cear\u00e1 at\u00e9 agosto na campanha contra a Covid-19 mas que n\u00e3o h\u00e1 garantia da concretiza\u00e7\u00e3o desse percentual de vacina\u00e7\u00e3o e que o foco \u00e9 garantir pelo menos que a maioria das pessoas maiores de idade esteja imunizada at\u00e9 o prazo divulgado. Tudo a depender, \u00e9 claro, de chegada de novas vacinas.<br>Por\u00e9m, uma estimativa da plataforma de vacina\u00e7\u00e3o do coronav\u00edrus do grupo ModCovid19, iniciativa do Instituto Serrapilheira em parceria com o Centro de Ci\u00eancias Matem\u00e1ticas Aplicadas \u00e0 Ind\u00fastria (CeMEAI), da Universidade de S\u00e3o Paulo (USP), revelou a partir da observa\u00e7\u00e3o do ritmo de aplica\u00e7\u00e3o di\u00e1ria de imunizantes nos estados do Brasil, que a campanha de imuniza\u00e7\u00e3o contra a Covid-19 no Cear\u00e1 pode ser finalizada somente no dia 31 de julho de 2023.<\/p>\n\n\n\n<figure class=\"wp-block-image size-large\"><img loading=\"lazy\" decoding=\"async\" width=\"1024\" height=\"608\" src=\"https:\/\/blogdorogeriogomes.com.br\/wp-content\/uploads\/2021\/06\/IMG-20210608-WA0122-1024x608.jpg\" alt=\"\" class=\"wp-image-21552\" srcset=\"https:\/\/blogdorogeriogomes.com.br\/noticias\/wp-content\/uploads\/2021\/06\/IMG-20210608-WA0122-1024x608.jpg 1024w, https:\/\/blogdorogeriogomes.com.br\/noticias\/wp-content\/uploads\/2021\/06\/IMG-20210608-WA0122-300x178.jpg 300w, https:\/\/blogdorogeriogomes.com.br\/noticias\/wp-content\/uploads\/2021\/06\/IMG-20210608-WA0122-768x456.jpg 768w, https:\/\/blogdorogeriogomes.com.br\/noticias\/wp-content\/uploads\/2021\/06\/IMG-20210608-WA0122-800x475.jpg 800w, https:\/\/blogdorogeriogomes.com.br\/noticias\/wp-content\/uploads\/2021\/06\/IMG-20210608-WA0122.jpg 1280w\" sizes=\"auto, (max-width: 1024px) 100vw, 1024px\" \/><\/figure>\n","protected":false},"excerpt":{"rendered":"<p>O prefeito de Fortaleza, Jos\u00e9 Sarto, anunciou nesta ter\u00e7a-feira, dia 8 de junho, que Fortaleza foi uma das 18 cidades da Am\u00e9rica Latina, \u00c1frica e \u00c1sia a receber recursos para o fortalecimento da vacina\u00e7\u00e3o contra a Covid-19. Somente as cidades de Fortaleza e Rio de Janeiro foram escolhidas no Brasil.O aporte financeiro foi captado pela Funda\u00e7\u00e3o de Ci\u00eancia, Tecnologia e Inova\u00e7\u00e3o de Fortaleza (Citinova) e ser\u00e1 de cerca de US$ 50 mil, que ser\u00e3o aplicados na plataforma Vacine J\u00e1.&hellip;<\/p>\n","protected":false},"author":1,"featured_media":21552,"comment_status":"open","ping_status":"open","sticky":false,"template":"","format":"standard","meta":{"footnotes":""},"categories":[1],"tags":[],"class_list":["post-21551","post","type-post","status-publish","format-standard","has-post-thumbnail","hentry","category-noticias"],"_links":{"self":[{"href":"https:\/\/blogdorogeriogomes.com.br\/noticias\/wp-json\/wp\/v2\/posts\/21551","targetHints":{"allow":["GET"]}}],"collection":[{"href":"https:\/\/blogdorogeriogomes.com.br\/noticias\/wp-json\/wp\/v2\/posts"}],"about":[{"href":"https:\/\/blogdorogeriogomes.com.br\/noticias\/wp-json\/wp\/v2\/types\/post"}],"author":[{"embeddable":true,"href":"https:\/\/blogdorogeriogomes.com.br\/noticias\/wp-json\/wp\/v2\/users\/1"}],"replies":[{"embeddable":true,"href":"https:\/\/blogdorogeriogomes.com.br\/noticias\/wp-json\/wp\/v2\/comments?post=21551"}],"version-history":[{"count":1,"href":"https:\/\/blogdorogeriogomes.com.br\/noticias\/wp-json\/wp\/v2\/posts\/21551\/revisions"}],"predecessor-version":[{"id":21553,"href":"https:\/\/blogdorogeriogomes.com.br\/noticias\/wp-json\/wp\/v2\/posts\/21551\/revisions\/21553"}],"wp:featuredmedia":[{"embeddable":true,"href":"https:\/\/blogdorogeriogomes.com.br\/noticias\/wp-json\/wp\/v2\/media\/21552"}],"wp:attachment":[{"href":"https:\/\/blogdorogeriogomes.com.br\/noticias\/wp-json\/wp\/v2\/media?parent=21551"}],"wp:term":[{"taxonomy":"category","embeddable":true,"href":"https:\/\/blogdorogeriogomes.com.br\/noticias\/wp-json\/wp\/v2\/categories?post=21551"},{"taxonomy":"post_tag","embeddable":true,"href":"https:\/\/blogdorogeriogomes.com.br\/noticias\/wp-json\/wp\/v2\/tags?post=21551"}],"curies":[{"name":"wp","href":"https:\/\/api.w.org\/{rel}","templated":true}]}}