{"id":21554,"date":"2021-06-09T09:57:03","date_gmt":"2021-06-09T09:57:03","guid":{"rendered":"https:\/\/blogdorogeriogomes.com.br\/?p=21554"},"modified":"2021-06-09T13:20:32","modified_gmt":"2021-06-09T13:20:32","slug":"jogadores-da-selecao-brasileira-se-manifestam-contra-a-copa-america-mas-descartam-boicote-stf-analisa-recurso-contra-o-torneio","status":"publish","type":"post","link":"https:\/\/blogdorogeriogomes.com.br\/noticias\/2021\/06\/jogadores-da-selecao-brasileira-se-manifestam-contra-a-copa-america-mas-descartam-boicote-stf-analisa-recurso-contra-o-torneio\/","title":{"rendered":"Jogadores da sele\u00e7\u00e3o brasileira se manifestam contra a Copa Am\u00e9rica, mas descartam boicote. STF analisa recurso contra o torneio"},"content":{"rendered":"\n<p>Esta quinta-feira, dia 10 de junho, ser\u00e1 decisiva para a realiza\u00e7\u00e3o da Copa Am\u00e9rica no Brasil. O Supremo Tribunal Federal (STF) marcou, em car\u00e1ter extraordin\u00e1rio, sess\u00e3o para discutir a eventual suspens\u00e3o do torneio, que foi rejeitado por Argentina e Col\u00f4mbia, por causa da pandemia da Covid-19. Nas \u00faltimas 24 horas, o Brasil registrou mais 2.693 mortes pela doen\u00e7a, totalizando 477.307 \u00f3bitos. A audi\u00eancia no STF \u00e9 consequ\u00eancia de a\u00e7\u00e3o apresentada pelo PSB, de relatoria da ministra C\u00e1rmen L\u00facia.<\/p>\n\n\n\n<p>Ap\u00f3s a vit\u00f3ria por 2 a 0 sobre o Paraguai pelas Eliminat\u00f3rias da Copa do Mundo, nesta ter\u00e7a-feira, dia 8 de junho, os jogadores da sele\u00e7\u00e3o brasileira lan\u00e7aram uma nota se manifestando contra a realiza\u00e7\u00e3o da Copa Am\u00e9rica, mas descartam boicotar o torneio. No fundo, fizeram muito barulho por nada. Se mostraram omissos diante do caos sanit\u00e1rio que ainda atinge o Pa\u00eds.<\/p>\n\n\n\n<figure class=\"wp-block-image size-large\"><img loading=\"lazy\" decoding=\"async\" width=\"678\" height=\"452\" src=\"https:\/\/blogdorogeriogomes.com.br\/wp-content\/uploads\/2021\/06\/images-31.jpeg\" alt=\"\" class=\"wp-image-21555\" srcset=\"https:\/\/blogdorogeriogomes.com.br\/noticias\/wp-content\/uploads\/2021\/06\/images-31.jpeg 678w, https:\/\/blogdorogeriogomes.com.br\/noticias\/wp-content\/uploads\/2021\/06\/images-31-300x200.jpeg 300w\" sizes=\"auto, (max-width: 678px) 100vw, 678px\" \/><\/figure>\n","protected":false},"excerpt":{"rendered":"<p>Esta quinta-feira, dia 10 de junho, ser\u00e1 decisiva para a realiza\u00e7\u00e3o da Copa Am\u00e9rica no Brasil. O Supremo Tribunal Federal (STF) marcou, em car\u00e1ter extraordin\u00e1rio, sess\u00e3o para discutir a eventual suspens\u00e3o do torneio, que foi rejeitado por Argentina e Col\u00f4mbia, por causa da pandemia da Covid-19. Nas \u00faltimas 24 horas, o Brasil registrou mais 2.693 mortes pela doen\u00e7a, totalizando 477.307 \u00f3bitos. A audi\u00eancia no STF \u00e9 consequ\u00eancia de a\u00e7\u00e3o apresentada pelo PSB, de relatoria da ministra C\u00e1rmen L\u00facia. Ap\u00f3s&hellip;<\/p>\n","protected":false},"author":1,"featured_media":21555,"comment_status":"open","ping_status":"open","sticky":false,"template":"","format":"standard","meta":{"footnotes":""},"categories":[1],"tags":[],"class_list":["post-21554","post","type-post","status-publish","format-standard","has-post-thumbnail","hentry","category-noticias"],"_links":{"self":[{"href":"https:\/\/blogdorogeriogomes.com.br\/noticias\/wp-json\/wp\/v2\/posts\/21554","targetHints":{"allow":["GET"]}}],"collection":[{"href":"https:\/\/blogdorogeriogomes.com.br\/noticias\/wp-json\/wp\/v2\/posts"}],"about":[{"href":"https:\/\/blogdorogeriogomes.com.br\/noticias\/wp-json\/wp\/v2\/types\/post"}],"author":[{"embeddable":true,"href":"https:\/\/blogdorogeriogomes.com.br\/noticias\/wp-json\/wp\/v2\/users\/1"}],"replies":[{"embeddable":true,"href":"https:\/\/blogdorogeriogomes.com.br\/noticias\/wp-json\/wp\/v2\/comments?post=21554"}],"version-history":[{"count":1,"href":"https:\/\/blogdorogeriogomes.com.br\/noticias\/wp-json\/wp\/v2\/posts\/21554\/revisions"}],"predecessor-version":[{"id":21556,"href":"https:\/\/blogdorogeriogomes.com.br\/noticias\/wp-json\/wp\/v2\/posts\/21554\/revisions\/21556"}],"wp:featuredmedia":[{"embeddable":true,"href":"https:\/\/blogdorogeriogomes.com.br\/noticias\/wp-json\/wp\/v2\/media\/21555"}],"wp:attachment":[{"href":"https:\/\/blogdorogeriogomes.com.br\/noticias\/wp-json\/wp\/v2\/media?parent=21554"}],"wp:term":[{"taxonomy":"category","embeddable":true,"href":"https:\/\/blogdorogeriogomes.com.br\/noticias\/wp-json\/wp\/v2\/categories?post=21554"},{"taxonomy":"post_tag","embeddable":true,"href":"https:\/\/blogdorogeriogomes.com.br\/noticias\/wp-json\/wp\/v2\/tags?post=21554"}],"curies":[{"name":"wp","href":"https:\/\/api.w.org\/{rel}","templated":true}]}}