{"id":21557,"date":"2021-06-09T10:16:35","date_gmt":"2021-06-09T10:16:35","guid":{"rendered":"https:\/\/blogdorogeriogomes.com.br\/?p=21557"},"modified":"2021-06-09T13:20:03","modified_gmt":"2021-06-09T13:20:03","slug":"trt-faz-proposta-de-suspensao-de-greve-dos-motoristas-de-onibus-em-fortaleza-mas-assembleia-ainda-vai-avaliar-o-acordo","status":"publish","type":"post","link":"https:\/\/blogdorogeriogomes.com.br\/noticias\/2021\/06\/trt-faz-proposta-de-suspensao-de-greve-dos-motoristas-de-onibus-em-fortaleza-mas-assembleia-ainda-vai-avaliar-o-acordo\/","title":{"rendered":"TRT faz proposta de suspens\u00e3o de greve dos motoristas de \u00f4nibus em Fortaleza, mas assembleia ainda vai avaliar o acordo"},"content":{"rendered":"\n<p>A reuni\u00e3o de concilia\u00e7\u00e3o entre empresas e trabalhadores rodovi\u00e1rios de Fortaleza, nesta ter\u00e7a-feira, dia 8 de junho, terminou com uma proposta da Justi\u00e7a do Trabalho de a categoria suspender a greve pelo menos at\u00e9 o dia da pr\u00f3xima sess\u00e3o de concilia\u00e7\u00e3o na pr\u00f3xima ter\u00e7a-feira, dia 15. Os motoristas devem avaliar a proposta de acordo ainda nesta quarta-feira.<\/p>\n\n\n\n<p>O primeiro dia de paralisa\u00e7\u00e3o dos \u00f4nibus em Fortaleza gerou dificuldades no deslocamento do usu\u00e1rio do transporte coletivo. Houve suspens\u00e3o de atividades pontuais nos terminais da Capital. A Justi\u00e7a determinou que 70% da frota devem estar em circula\u00e7\u00e3o. Motoristas reivindicam reajuste salarial do Sindionibus.<\/p>\n\n\n\n<figure class=\"wp-block-image size-large\"><img loading=\"lazy\" decoding=\"async\" width=\"1024\" height=\"683\" src=\"https:\/\/blogdorogeriogomes.com.br\/wp-content\/uploads\/2021\/06\/onibus_9-16007645-1024x683.jpg\" alt=\"\" class=\"wp-image-21558\" srcset=\"https:\/\/blogdorogeriogomes.com.br\/noticias\/wp-content\/uploads\/2021\/06\/onibus_9-16007645-1024x683.jpg 1024w, https:\/\/blogdorogeriogomes.com.br\/noticias\/wp-content\/uploads\/2021\/06\/onibus_9-16007645-300x200.jpg 300w, https:\/\/blogdorogeriogomes.com.br\/noticias\/wp-content\/uploads\/2021\/06\/onibus_9-16007645-768x512.jpg 768w, https:\/\/blogdorogeriogomes.com.br\/noticias\/wp-content\/uploads\/2021\/06\/onibus_9-16007645-1536x1024.jpg 1536w, https:\/\/blogdorogeriogomes.com.br\/noticias\/wp-content\/uploads\/2021\/06\/onibus_9-16007645-800x533.jpg 800w, https:\/\/blogdorogeriogomes.com.br\/noticias\/wp-content\/uploads\/2021\/06\/onibus_9-16007645.jpg 1920w\" sizes=\"auto, (max-width: 1024px) 100vw, 1024px\" \/><\/figure>\n","protected":false},"excerpt":{"rendered":"<p>A reuni\u00e3o de concilia\u00e7\u00e3o entre empresas e trabalhadores rodovi\u00e1rios de Fortaleza, nesta ter\u00e7a-feira, dia 8 de junho, terminou com uma proposta da Justi\u00e7a do Trabalho de a categoria suspender a greve pelo menos at\u00e9 o dia da pr\u00f3xima sess\u00e3o de concilia\u00e7\u00e3o na pr\u00f3xima ter\u00e7a-feira, dia 15. Os motoristas devem avaliar a proposta de acordo ainda nesta quarta-feira. O primeiro dia de paralisa\u00e7\u00e3o dos \u00f4nibus em Fortaleza gerou dificuldades no deslocamento do usu\u00e1rio do transporte coletivo. Houve suspens\u00e3o de atividades&hellip;<\/p>\n","protected":false},"author":1,"featured_media":21558,"comment_status":"open","ping_status":"open","sticky":false,"template":"","format":"standard","meta":{"footnotes":""},"categories":[1],"tags":[],"class_list":["post-21557","post","type-post","status-publish","format-standard","has-post-thumbnail","hentry","category-noticias"],"_links":{"self":[{"href":"https:\/\/blogdorogeriogomes.com.br\/noticias\/wp-json\/wp\/v2\/posts\/21557","targetHints":{"allow":["GET"]}}],"collection":[{"href":"https:\/\/blogdorogeriogomes.com.br\/noticias\/wp-json\/wp\/v2\/posts"}],"about":[{"href":"https:\/\/blogdorogeriogomes.com.br\/noticias\/wp-json\/wp\/v2\/types\/post"}],"author":[{"embeddable":true,"href":"https:\/\/blogdorogeriogomes.com.br\/noticias\/wp-json\/wp\/v2\/users\/1"}],"replies":[{"embeddable":true,"href":"https:\/\/blogdorogeriogomes.com.br\/noticias\/wp-json\/wp\/v2\/comments?post=21557"}],"version-history":[{"count":1,"href":"https:\/\/blogdorogeriogomes.com.br\/noticias\/wp-json\/wp\/v2\/posts\/21557\/revisions"}],"predecessor-version":[{"id":21559,"href":"https:\/\/blogdorogeriogomes.com.br\/noticias\/wp-json\/wp\/v2\/posts\/21557\/revisions\/21559"}],"wp:featuredmedia":[{"embeddable":true,"href":"https:\/\/blogdorogeriogomes.com.br\/noticias\/wp-json\/wp\/v2\/media\/21558"}],"wp:attachment":[{"href":"https:\/\/blogdorogeriogomes.com.br\/noticias\/wp-json\/wp\/v2\/media?parent=21557"}],"wp:term":[{"taxonomy":"category","embeddable":true,"href":"https:\/\/blogdorogeriogomes.com.br\/noticias\/wp-json\/wp\/v2\/categories?post=21557"},{"taxonomy":"post_tag","embeddable":true,"href":"https:\/\/blogdorogeriogomes.com.br\/noticias\/wp-json\/wp\/v2\/tags?post=21557"}],"curies":[{"name":"wp","href":"https:\/\/api.w.org\/{rel}","templated":true}]}}