{"id":21563,"date":"2021-06-09T19:33:19","date_gmt":"2021-06-09T19:33:19","guid":{"rendered":"https:\/\/blogdorogeriogomes.com.br\/?p=21563"},"modified":"2021-06-10T09:12:37","modified_gmt":"2021-06-10T09:12:37","slug":"auditor-ligado-a-relatorio-divulgado-por-bolsonaro-com-dados-falsos-sobre-mortes-por-covid-19-e-afastado-pelo-tcu","status":"publish","type":"post","link":"https:\/\/blogdorogeriogomes.com.br\/noticias\/2021\/06\/auditor-ligado-a-relatorio-divulgado-por-bolsonaro-com-dados-falsos-sobre-mortes-por-covid-19-e-afastado-pelo-tcu\/","title":{"rendered":"Auditor ligado a relat\u00f3rio divulgado por Bolsonaro com dados falsos sobre mortes por Covid-19 \u00e9 afastado pelo TCU"},"content":{"rendered":"\n<p>A presidente do Tribunal de Contas da Uni\u00e3o (TCU), Ana Arraes, decidiu nesta quarta-feira, dia 9 de junho, pelo afastamento por 60 dias do auditor Alexandre Figueiredo Costa Silva Marques, nome que foi apontado como respons\u00e1vel pelo relat\u00f3rio que questiona o n\u00famero de mortes por Covid-19 no Pa\u00eds. O estudo paralelo trazia dados falsos de que 50% dos \u00f3bitos por coronav\u00edrus em 2020 n\u00e3o teriam sido pela doen\u00e7a. A informa\u00e7\u00e3o foi divulgada pelo presidente Jair Bolsonaro, afirmando dispor de dados oficiais do TCU, nas suas redes sociais e grupos de apoiadores.<\/p>\n\n\n\n<p>Os ministros do \u00f3rg\u00e3o desmentiram as informa\u00e7\u00f5es apresentadas pelo presidente na \u00faltima segunda-feira, revoltados com a mentira disseminada por bolsonaristas. Na ter\u00e7a-feira, Bolsonaro reconheceu que errou ao atribuir a informa\u00e7\u00e3o ao TCU, mas insistiu que existe uma sobrenotifica\u00e7\u00e3o de mortes por Covid-19.<\/p>\n\n\n\n<p>Mesmo diante da postura do Tribunal, o presidente insiste em manter as informa\u00e7\u00f5es falsas e sem fundamento para alimentar a sua base apoiadora e tentar tirar de si o foco das omiss\u00f5es que colaboraram para a crise sanit\u00e1ria no Brasil. Em conversa com aliados na sa\u00edda do Pal\u00e1cio da Alvorada nesta quarta, Bolsonaro disse que acompanha &#8220;relatos na internet&#8221; que ajudam a confirmar a sua tese e acusou governadores de notificarem mais Covid &#8220;para poder receber mais dinheiro&#8221;, sempre com informa\u00e7\u00f5es vagas e sem nenhum tipo de fundamento sustent\u00e1vel.<\/p>\n\n\n\n<figure class=\"wp-block-image size-large\"><img loading=\"lazy\" decoding=\"async\" width=\"678\" height=\"452\" src=\"https:\/\/blogdorogeriogomes.com.br\/wp-content\/uploads\/2021\/06\/images-33.jpeg\" alt=\"\" class=\"wp-image-21564\" srcset=\"https:\/\/blogdorogeriogomes.com.br\/noticias\/wp-content\/uploads\/2021\/06\/images-33.jpeg 678w, https:\/\/blogdorogeriogomes.com.br\/noticias\/wp-content\/uploads\/2021\/06\/images-33-300x200.jpeg 300w\" sizes=\"auto, (max-width: 678px) 100vw, 678px\" \/><\/figure>\n","protected":false},"excerpt":{"rendered":"<p>A presidente do Tribunal de Contas da Uni\u00e3o (TCU), Ana Arraes, decidiu nesta quarta-feira, dia 9 de junho, pelo afastamento por 60 dias do auditor Alexandre Figueiredo Costa Silva Marques, nome que foi apontado como respons\u00e1vel pelo relat\u00f3rio que questiona o n\u00famero de mortes por Covid-19 no Pa\u00eds. O estudo paralelo trazia dados falsos de que 50% dos \u00f3bitos por coronav\u00edrus em 2020 n\u00e3o teriam sido pela doen\u00e7a. A informa\u00e7\u00e3o foi divulgada pelo presidente Jair Bolsonaro, afirmando dispor de&hellip;<\/p>\n","protected":false},"author":1,"featured_media":21564,"comment_status":"open","ping_status":"open","sticky":false,"template":"","format":"standard","meta":{"footnotes":""},"categories":[1],"tags":[],"class_list":["post-21563","post","type-post","status-publish","format-standard","has-post-thumbnail","hentry","category-noticias"],"_links":{"self":[{"href":"https:\/\/blogdorogeriogomes.com.br\/noticias\/wp-json\/wp\/v2\/posts\/21563","targetHints":{"allow":["GET"]}}],"collection":[{"href":"https:\/\/blogdorogeriogomes.com.br\/noticias\/wp-json\/wp\/v2\/posts"}],"about":[{"href":"https:\/\/blogdorogeriogomes.com.br\/noticias\/wp-json\/wp\/v2\/types\/post"}],"author":[{"embeddable":true,"href":"https:\/\/blogdorogeriogomes.com.br\/noticias\/wp-json\/wp\/v2\/users\/1"}],"replies":[{"embeddable":true,"href":"https:\/\/blogdorogeriogomes.com.br\/noticias\/wp-json\/wp\/v2\/comments?post=21563"}],"version-history":[{"count":1,"href":"https:\/\/blogdorogeriogomes.com.br\/noticias\/wp-json\/wp\/v2\/posts\/21563\/revisions"}],"predecessor-version":[{"id":21565,"href":"https:\/\/blogdorogeriogomes.com.br\/noticias\/wp-json\/wp\/v2\/posts\/21563\/revisions\/21565"}],"wp:featuredmedia":[{"embeddable":true,"href":"https:\/\/blogdorogeriogomes.com.br\/noticias\/wp-json\/wp\/v2\/media\/21564"}],"wp:attachment":[{"href":"https:\/\/blogdorogeriogomes.com.br\/noticias\/wp-json\/wp\/v2\/media?parent=21563"}],"wp:term":[{"taxonomy":"category","embeddable":true,"href":"https:\/\/blogdorogeriogomes.com.br\/noticias\/wp-json\/wp\/v2\/categories?post=21563"},{"taxonomy":"post_tag","embeddable":true,"href":"https:\/\/blogdorogeriogomes.com.br\/noticias\/wp-json\/wp\/v2\/tags?post=21563"}],"curies":[{"name":"wp","href":"https:\/\/api.w.org\/{rel}","templated":true}]}}