{"id":21566,"date":"2021-06-09T20:08:18","date_gmt":"2021-06-09T20:08:18","guid":{"rendered":"https:\/\/blogdorogeriogomes.com.br\/?p=21566"},"modified":"2021-06-10T09:12:03","modified_gmt":"2021-06-10T09:12:03","slug":"ex-secretario-do-ministerio-da-saude-diz-na-cpi-que-governo-federal-nao-comprou-vacinas-em-2020-por-falta-de-confianca-na-eficacia","status":"publish","type":"post","link":"https:\/\/blogdorogeriogomes.com.br\/noticias\/2021\/06\/ex-secretario-do-ministerio-da-saude-diz-na-cpi-que-governo-federal-nao-comprou-vacinas-em-2020-por-falta-de-confianca-na-eficacia\/","title":{"rendered":"Ex-secret\u00e1rio do Minist\u00e9rio da Sa\u00fade diz na CPI que Governo Federal n\u00e3o comprou vacinas em 2020 por falta de confian\u00e7a na efic\u00e1cia"},"content":{"rendered":"\n<p>Apesar de apostar contra o isolamento social e no tratamento precoce com medicamentos sem comprova\u00e7\u00e3o de efic\u00e1cia cient\u00edfica, o Governo Bolsonaro n\u00e3o comprou vacinas da Pfizer oferecidas em 2020 por incertezas quanto \u00e0 seguran\u00e7a do imunizante para a sa\u00fade das pessoas na pandemia. Pelo menos foi o que apontou o ex-secret\u00e1rio executivo do Minist\u00e9rio da Sa\u00fade, \u00c9lcio Franco, durante o seu depoimento na CPI da Covid, nesta quarta-feira, dia 9 de junho, no Senado Federal.<\/p>\n\n\n\n<p>&#8220;Nos pareceu que ela queria se isentar da responsabilidade sobre o efeito colateral grave. Nem ela confiava no que ela estava oferecendo para a gente&#8221;, afirmou aos senadores. \u00c9lcio afirmou ainda que n\u00e3o havia certeza de vacinas &#8220;seguras e eficazes&#8221; no ano passado. Sobre a Coronavac, o depoente negou que o governo federal rompeu negocia\u00e7\u00f5es com o Instituto Butantan, mas acabou confirmando que houve descr\u00e9dito do minist\u00e9rio no desenvolvimento do imunizante.<\/p>\n\n\n\n<p>Relator da comiss\u00e3o, Renan Calheiros (MDB) acusou o ex-secret\u00e1rio de mentir sobre as negocia\u00e7\u00f5es com o Butantan. O senador Otto Alencar (PSD) interviu com a lembran\u00e7a de que a vacina\u00e7\u00e3o no Pa\u00eds come\u00e7ou apenas ap\u00f3s determina\u00e7\u00e3o do Supremo Tribunal Federal (STF), que exigiu o in\u00edcio do Plano Nacional Imuniza\u00e7\u00e3o. &#8220;O governo sempre negou a vacina\u00e7\u00e3o. Isto \u00e9 muito grave&#8221;, pontuou.<\/p>\n\n\n\n<p>Sobre os mais de 50 e-mails enviados pela Pfizer com proposta de compra da vacina sem resposta, o ex-secret\u00e1rio disse que ocorreu falha no sistema de e-mail e criticou a comunica\u00e7\u00e3o da farmac\u00eautica.<\/p>\n\n\n\n<p>Caso o Governo Federal tivesse fechado os neg\u00f3cios em 2020, o Brasil j\u00e1 teria 60 milh\u00f5es de doses da Coronavac e 4,5 milh\u00f5es de doses da Pfizer entre dezembro do ano passado e mar\u00e7o deste ano. Com o atraso na compra, o pa\u00eds conseguiu apenas 36,3 milh\u00f5es de doses da Coronavac e os primeiros lotes da Pfizer come\u00e7aram a chegar apenas em abril.<\/p>\n\n\n\n<p>\u00c9lcio negou a exist\u00eancia de um gabinete paralelo no governo. No entanto, admitiu reuni\u00f5es com o deputado federal e um dos principais negacionistas ligados ao governo, Osmar Terra (MDB), e tamb\u00e9m com a m\u00e9dica e defensora da cloroquina, Nise Yamaguchi, enquanto estava na Sa\u00fade. Al\u00e9m disso, alegou ter uma rela\u00e7\u00e3o &#8220;amistosa&#8221; com o empres\u00e1rio Carlos Wizard, apontado como um dos conselheiros paralelos de Jair Bolsonaro.<\/p>\n\n\n\n<figure class=\"wp-block-image size-large\"><img loading=\"lazy\" decoding=\"async\" width=\"715\" height=\"429\" src=\"https:\/\/blogdorogeriogomes.com.br\/wp-content\/uploads\/2021\/06\/images-32.jpeg\" alt=\"\" class=\"wp-image-21567\" srcset=\"https:\/\/blogdorogeriogomes.com.br\/noticias\/wp-content\/uploads\/2021\/06\/images-32.jpeg 715w, https:\/\/blogdorogeriogomes.com.br\/noticias\/wp-content\/uploads\/2021\/06\/images-32-300x180.jpeg 300w\" sizes=\"auto, (max-width: 715px) 100vw, 715px\" \/><\/figure>\n","protected":false},"excerpt":{"rendered":"<p>Apesar de apostar contra o isolamento social e no tratamento precoce com medicamentos sem comprova\u00e7\u00e3o de efic\u00e1cia cient\u00edfica, o Governo Bolsonaro n\u00e3o comprou vacinas da Pfizer oferecidas em 2020 por incertezas quanto \u00e0 seguran\u00e7a do imunizante para a sa\u00fade das pessoas na pandemia. Pelo menos foi o que apontou o ex-secret\u00e1rio executivo do Minist\u00e9rio da Sa\u00fade, \u00c9lcio Franco, durante o seu depoimento na CPI da Covid, nesta quarta-feira, dia 9 de junho, no Senado Federal. &#8220;Nos pareceu que ela&hellip;<\/p>\n","protected":false},"author":1,"featured_media":21567,"comment_status":"open","ping_status":"open","sticky":false,"template":"","format":"standard","meta":{"footnotes":""},"categories":[1],"tags":[],"class_list":["post-21566","post","type-post","status-publish","format-standard","has-post-thumbnail","hentry","category-noticias"],"_links":{"self":[{"href":"https:\/\/blogdorogeriogomes.com.br\/noticias\/wp-json\/wp\/v2\/posts\/21566","targetHints":{"allow":["GET"]}}],"collection":[{"href":"https:\/\/blogdorogeriogomes.com.br\/noticias\/wp-json\/wp\/v2\/posts"}],"about":[{"href":"https:\/\/blogdorogeriogomes.com.br\/noticias\/wp-json\/wp\/v2\/types\/post"}],"author":[{"embeddable":true,"href":"https:\/\/blogdorogeriogomes.com.br\/noticias\/wp-json\/wp\/v2\/users\/1"}],"replies":[{"embeddable":true,"href":"https:\/\/blogdorogeriogomes.com.br\/noticias\/wp-json\/wp\/v2\/comments?post=21566"}],"version-history":[{"count":1,"href":"https:\/\/blogdorogeriogomes.com.br\/noticias\/wp-json\/wp\/v2\/posts\/21566\/revisions"}],"predecessor-version":[{"id":21568,"href":"https:\/\/blogdorogeriogomes.com.br\/noticias\/wp-json\/wp\/v2\/posts\/21566\/revisions\/21568"}],"wp:featuredmedia":[{"embeddable":true,"href":"https:\/\/blogdorogeriogomes.com.br\/noticias\/wp-json\/wp\/v2\/media\/21567"}],"wp:attachment":[{"href":"https:\/\/blogdorogeriogomes.com.br\/noticias\/wp-json\/wp\/v2\/media?parent=21566"}],"wp:term":[{"taxonomy":"category","embeddable":true,"href":"https:\/\/blogdorogeriogomes.com.br\/noticias\/wp-json\/wp\/v2\/categories?post=21566"},{"taxonomy":"post_tag","embeddable":true,"href":"https:\/\/blogdorogeriogomes.com.br\/noticias\/wp-json\/wp\/v2\/tags?post=21566"}],"curies":[{"name":"wp","href":"https:\/\/api.w.org\/{rel}","templated":true}]}}