{"id":21569,"date":"2021-06-09T22:46:21","date_gmt":"2021-06-09T22:46:21","guid":{"rendered":"https:\/\/blogdorogeriogomes.com.br\/?p=21569"},"modified":"2021-06-10T09:12:02","modified_gmt":"2021-06-10T09:12:02","slug":"mais-de-mil-ruas-e-avenidas-de-fortaleza-passarao-por-reforma-na-operacao-de-recuperacao-asfaltica","status":"publish","type":"post","link":"https:\/\/blogdorogeriogomes.com.br\/noticias\/2021\/06\/mais-de-mil-ruas-e-avenidas-de-fortaleza-passarao-por-reforma-na-operacao-de-recuperacao-asfaltica\/","title":{"rendered":"Mais de mil ruas e avenidas de Fortaleza passar\u00e3o por reforma na Opera\u00e7\u00e3o de Recupera\u00e7\u00e3o Asf\u00e1ltica"},"content":{"rendered":"\n<p>O prefeito Jos\u00e9 Sarto, lan\u00e7ou nesta quarta-feira, dia 9 de junho, a Opera\u00e7\u00e3o Recupera\u00e7\u00e3o Asf\u00e1ltica 2021, onde mais de mil ruas e avenidas de Fortaleza ser\u00e3o beneficiadas. O investimento de R$ 40 milh\u00f5es de reaia na a\u00e7\u00e3o que deve acontecer o ano todo, ter\u00e1 foco nos meses de junho a agosto, dando prioridade a 53 principais vias.<br>O projeto prev\u00ea recupera\u00e7\u00e3o das 1.053 vias e servi\u00e7os de microdrenagem em toda a cidade e ser\u00e1 executado pela Secretaria da Gest\u00e3o Regional (Seger).<br>De acordo com o prefeito, a opera\u00e7\u00e3o vai come\u00e7ar ap\u00f3s diminui\u00e7\u00e3o do volume de chuvas e, assim, vai evitar o aumento das despesas.<br>A inten\u00e7\u00e3o \u00e9 garantir a seguran\u00e7a no tr\u00e1fego de transporte p\u00fablico, pedestres, ciclistas e ve\u00edculos. A ordem de prioridade acontecer\u00e1 da seguinte forma; principais avenidas e grandes corredores de \u00f4nibus devem ser as primeiras a serem visitadas pelas equipes, seguidas de bin\u00e1rios e vias que possuem ciclovias ou ciclofaixas. O servi\u00e7o ser\u00e1 terminado com as principais vias secund\u00e1rias dos bairros.<br>Os mais de 500 mil m\u00b2 de \u00e1rea, foram divididos respeitando as 12 regionais e contar\u00e1 com 12 equipes trabalhando diariamente. O projeto calcula ainda a subdivis\u00e3o das vias em 27 micro \u00e1reas para facilitar a log\u00edstica das equipes. O primeiro grupo de opera\u00e7\u00e3o vai come\u00e7ar indo da Barra do Cear\u00e1 at\u00e9 a Parangaba, passando por bairros como Meireles e Messejana. J\u00e1 o segundo grupo come\u00e7a no Henrique Jorge e vai at\u00e9 o Aracap\u00e9, passando pelo Centro, Praia de Iracema, Jos\u00e9 Walter e Serrinha.<br>A Seger avisa que a popula\u00e7\u00e3o pode solicitar servi\u00e7os de recupera\u00e7\u00e3o de vias por meio da Central 156, por telefone ou aplicativo.<\/p>\n\n\n\n<figure class=\"wp-block-image size-large\"><img loading=\"lazy\" decoding=\"async\" width=\"1024\" height=\"602\" src=\"https:\/\/blogdorogeriogomes.com.br\/wp-content\/uploads\/2021\/06\/IMG-20210609-WA0064-1024x602.jpg\" alt=\"\" class=\"wp-image-21570\" srcset=\"https:\/\/blogdorogeriogomes.com.br\/noticias\/wp-content\/uploads\/2021\/06\/IMG-20210609-WA0064-1024x602.jpg 1024w, https:\/\/blogdorogeriogomes.com.br\/noticias\/wp-content\/uploads\/2021\/06\/IMG-20210609-WA0064-300x176.jpg 300w, https:\/\/blogdorogeriogomes.com.br\/noticias\/wp-content\/uploads\/2021\/06\/IMG-20210609-WA0064-768x451.jpg 768w, https:\/\/blogdorogeriogomes.com.br\/noticias\/wp-content\/uploads\/2021\/06\/IMG-20210609-WA0064-800x470.jpg 800w, https:\/\/blogdorogeriogomes.com.br\/noticias\/wp-content\/uploads\/2021\/06\/IMG-20210609-WA0064.jpg 1280w\" sizes=\"auto, (max-width: 1024px) 100vw, 1024px\" \/><\/figure>\n","protected":false},"excerpt":{"rendered":"<p>O prefeito Jos\u00e9 Sarto, lan\u00e7ou nesta quarta-feira, dia 9 de junho, a Opera\u00e7\u00e3o Recupera\u00e7\u00e3o Asf\u00e1ltica 2021, onde mais de mil ruas e avenidas de Fortaleza ser\u00e3o beneficiadas. O investimento de R$ 40 milh\u00f5es de reaia na a\u00e7\u00e3o que deve acontecer o ano todo, ter\u00e1 foco nos meses de junho a agosto, dando prioridade a 53 principais vias.O projeto prev\u00ea recupera\u00e7\u00e3o das 1.053 vias e servi\u00e7os de microdrenagem em toda a cidade e ser\u00e1 executado pela Secretaria da Gest\u00e3o Regional&hellip;<\/p>\n","protected":false},"author":1,"featured_media":21570,"comment_status":"open","ping_status":"open","sticky":false,"template":"","format":"standard","meta":{"footnotes":""},"categories":[1],"tags":[],"class_list":["post-21569","post","type-post","status-publish","format-standard","has-post-thumbnail","hentry","category-noticias"],"_links":{"self":[{"href":"https:\/\/blogdorogeriogomes.com.br\/noticias\/wp-json\/wp\/v2\/posts\/21569","targetHints":{"allow":["GET"]}}],"collection":[{"href":"https:\/\/blogdorogeriogomes.com.br\/noticias\/wp-json\/wp\/v2\/posts"}],"about":[{"href":"https:\/\/blogdorogeriogomes.com.br\/noticias\/wp-json\/wp\/v2\/types\/post"}],"author":[{"embeddable":true,"href":"https:\/\/blogdorogeriogomes.com.br\/noticias\/wp-json\/wp\/v2\/users\/1"}],"replies":[{"embeddable":true,"href":"https:\/\/blogdorogeriogomes.com.br\/noticias\/wp-json\/wp\/v2\/comments?post=21569"}],"version-history":[{"count":1,"href":"https:\/\/blogdorogeriogomes.com.br\/noticias\/wp-json\/wp\/v2\/posts\/21569\/revisions"}],"predecessor-version":[{"id":21571,"href":"https:\/\/blogdorogeriogomes.com.br\/noticias\/wp-json\/wp\/v2\/posts\/21569\/revisions\/21571"}],"wp:featuredmedia":[{"embeddable":true,"href":"https:\/\/blogdorogeriogomes.com.br\/noticias\/wp-json\/wp\/v2\/media\/21570"}],"wp:attachment":[{"href":"https:\/\/blogdorogeriogomes.com.br\/noticias\/wp-json\/wp\/v2\/media?parent=21569"}],"wp:term":[{"taxonomy":"category","embeddable":true,"href":"https:\/\/blogdorogeriogomes.com.br\/noticias\/wp-json\/wp\/v2\/categories?post=21569"},{"taxonomy":"post_tag","embeddable":true,"href":"https:\/\/blogdorogeriogomes.com.br\/noticias\/wp-json\/wp\/v2\/tags?post=21569"}],"curies":[{"name":"wp","href":"https:\/\/api.w.org\/{rel}","templated":true}]}}