{"id":21572,"date":"2021-06-10T10:06:03","date_gmt":"2021-06-10T10:06:03","guid":{"rendered":"https:\/\/blogdorogeriogomes.com.br\/?p=21572"},"modified":"2021-06-11T11:02:12","modified_gmt":"2021-06-11T11:02:12","slug":"mais-de-tres-milhoes-de-cearenses-ainda-enfrentam-o-desafio-de-fazer-o-cadastro-para-se-vacinar","status":"publish","type":"post","link":"https:\/\/blogdorogeriogomes.com.br\/noticias\/2021\/06\/mais-de-tres-milhoes-de-cearenses-ainda-enfrentam-o-desafio-de-fazer-o-cadastro-para-se-vacinar\/","title":{"rendered":"Mais de tr\u00eas milh\u00f5es de cearenses ainda enfrentam o desafio de fazer o cadastro para se vacinar"},"content":{"rendered":"\n<p>Para ter acesso \u00e0s vacinas contra a Covid-19 \u00e9 necess\u00e1rio fazer o cadastro no aplicativo Sa\u00fade Digital, da Secretaria de Sa\u00fade do Cear\u00e1. Mas, por enquanto, cerca de tr\u00eas milh\u00f5es de cearenses, na faixa et\u00e1ria de 18 a 59 anos, ainda n\u00e3o se cadastraram. Ou seja, ainda n\u00e3o est\u00e3o aptos a se vacinar.<\/p>\n\n\n\n<p>A expectativa do Governo do Estado \u00e9 vacinar essa faixa et\u00e1ria at\u00e9 agosto. Por\u00e9m, h\u00e1 a necessidade de se ter vacina suficiente e avance o cadastramento das pessoas a serem imunizadas.<\/p>\n\n\n\n<p>Os motivos para o atraso no cadastro s\u00e3o as dificuldades de muitas pessoas no acesso a internet, principalmente na zona rural do Estado. \u00c9 necess\u00e1ria a participa\u00e7\u00e3o de agentes de sa\u00fade, em parceria com as secretarias de sa\u00fade municipais, para auxiliar a todos no complemento do cadastro.<\/p>\n\n\n\n<figure class=\"wp-block-image size-large\"><img loading=\"lazy\" decoding=\"async\" width=\"652\" height=\"489\" src=\"https:\/\/blogdorogeriogomes.com.br\/wp-content\/uploads\/2021\/06\/Coletivo-Cadastro.jpeg\" alt=\"\" class=\"wp-image-21573\" srcset=\"https:\/\/blogdorogeriogomes.com.br\/noticias\/wp-content\/uploads\/2021\/06\/Coletivo-Cadastro.jpeg 652w, https:\/\/blogdorogeriogomes.com.br\/noticias\/wp-content\/uploads\/2021\/06\/Coletivo-Cadastro-300x225.jpeg 300w, https:\/\/blogdorogeriogomes.com.br\/noticias\/wp-content\/uploads\/2021\/06\/Coletivo-Cadastro-400x300.jpeg 400w\" sizes=\"auto, (max-width: 652px) 100vw, 652px\" \/><\/figure>\n","protected":false},"excerpt":{"rendered":"<p>Para ter acesso \u00e0s vacinas contra a Covid-19 \u00e9 necess\u00e1rio fazer o cadastro no aplicativo Sa\u00fade Digital, da Secretaria de Sa\u00fade do Cear\u00e1. Mas, por enquanto, cerca de tr\u00eas milh\u00f5es de cearenses, na faixa et\u00e1ria de 18 a 59 anos, ainda n\u00e3o se cadastraram. Ou seja, ainda n\u00e3o est\u00e3o aptos a se vacinar. A expectativa do Governo do Estado \u00e9 vacinar essa faixa et\u00e1ria at\u00e9 agosto. Por\u00e9m, h\u00e1 a necessidade de se ter vacina suficiente e avance o cadastramento&hellip;<\/p>\n","protected":false},"author":1,"featured_media":21573,"comment_status":"open","ping_status":"open","sticky":false,"template":"","format":"standard","meta":{"footnotes":""},"categories":[1],"tags":[],"class_list":["post-21572","post","type-post","status-publish","format-standard","has-post-thumbnail","hentry","category-noticias"],"_links":{"self":[{"href":"https:\/\/blogdorogeriogomes.com.br\/noticias\/wp-json\/wp\/v2\/posts\/21572","targetHints":{"allow":["GET"]}}],"collection":[{"href":"https:\/\/blogdorogeriogomes.com.br\/noticias\/wp-json\/wp\/v2\/posts"}],"about":[{"href":"https:\/\/blogdorogeriogomes.com.br\/noticias\/wp-json\/wp\/v2\/types\/post"}],"author":[{"embeddable":true,"href":"https:\/\/blogdorogeriogomes.com.br\/noticias\/wp-json\/wp\/v2\/users\/1"}],"replies":[{"embeddable":true,"href":"https:\/\/blogdorogeriogomes.com.br\/noticias\/wp-json\/wp\/v2\/comments?post=21572"}],"version-history":[{"count":1,"href":"https:\/\/blogdorogeriogomes.com.br\/noticias\/wp-json\/wp\/v2\/posts\/21572\/revisions"}],"predecessor-version":[{"id":21574,"href":"https:\/\/blogdorogeriogomes.com.br\/noticias\/wp-json\/wp\/v2\/posts\/21572\/revisions\/21574"}],"wp:featuredmedia":[{"embeddable":true,"href":"https:\/\/blogdorogeriogomes.com.br\/noticias\/wp-json\/wp\/v2\/media\/21573"}],"wp:attachment":[{"href":"https:\/\/blogdorogeriogomes.com.br\/noticias\/wp-json\/wp\/v2\/media?parent=21572"}],"wp:term":[{"taxonomy":"category","embeddable":true,"href":"https:\/\/blogdorogeriogomes.com.br\/noticias\/wp-json\/wp\/v2\/categories?post=21572"},{"taxonomy":"post_tag","embeddable":true,"href":"https:\/\/blogdorogeriogomes.com.br\/noticias\/wp-json\/wp\/v2\/tags?post=21572"}],"curies":[{"name":"wp","href":"https:\/\/api.w.org\/{rel}","templated":true}]}}