{"id":21578,"date":"2021-06-10T15:28:22","date_gmt":"2021-06-10T15:28:22","guid":{"rendered":"https:\/\/blogdorogeriogomes.com.br\/?p=21578"},"modified":"2021-06-11T11:01:52","modified_gmt":"2021-06-11T11:01:52","slug":"cpi-da-covid-quebra-sigilos-de-pazuello-ernesto-araujo-e-outros-27-depoentes","status":"publish","type":"post","link":"https:\/\/blogdorogeriogomes.com.br\/noticias\/2021\/06\/cpi-da-covid-quebra-sigilos-de-pazuello-ernesto-araujo-e-outros-27-depoentes\/","title":{"rendered":"CPI da Covid quebra sigilos de Pazuello, Ernesto Ara\u00fajo e outros 27 depoentes"},"content":{"rendered":"\n<p>A CPI da Covid aprovou, nesta quinta-feira, dia 10 de junho, a quebra de sigilo telef\u00f4nico e telem\u00e1tico dos ex-ministros Eduardo Pazuello (Sa\u00fade) e Ernesto Ara\u00fajo (Rela\u00e7\u00f5es Internacionais), al\u00e9m do empres\u00e1rio Carlos Wizard (que atuou como conselheiro informal do governo durante a pandemia).<\/p>\n\n\n\n<p>Com a decis\u00e3o, os senadores pretendem acelerar as investiga\u00e7\u00f5es para verificar se houve algum erro ou irregularidade por parte do Executivo federal na condu\u00e7\u00e3o das a\u00e7\u00f5es de enfrentamento \u00e0 crise sanit\u00e1ria. Tamb\u00e9m est\u00e3o na lista Mayra Pinheiro, secret\u00e1ria do Minist\u00e9rio da Sa\u00fade conhecida como &#8220;capit\u00e3 cloroquina&#8221;; Filipe G. Martins, assessor especial da Presid\u00eancia; Nise Yamaguchi, m\u00e9dica defensora da cloroquina que fazia parte do chamado &#8220;gabinete paralelo&#8221;; Francieli Francinato, coordenadora do Plano Nacional de Imuniza\u00e7\u00e3o; e Ant\u00f4nio Elcio Franco Filho, ex-secret\u00e1rio-executivo do Minist\u00e9rio da Sa\u00fade.<\/p>\n\n\n\n<p>O governador do Amazonas Wilson Lima (PSC) justificou a aus\u00eancia na CPI da Covid nesta quinta-feira pela onda de viol\u00eancia que atinge o estado. Ele conseguiu no Supremo Tribunal Federal (STF) um habeas corpus que o liberou de comparecer \u00e0 CPI. O comando da CPI pretende recorrer da decis\u00e3o.<\/p>\n\n\n\n<figure class=\"wp-block-image size-large\"><img loading=\"lazy\" decoding=\"async\" width=\"680\" height=\"451\" src=\"https:\/\/blogdorogeriogomes.com.br\/wp-content\/uploads\/2021\/06\/images-35.jpeg\" alt=\"\" class=\"wp-image-21579\" srcset=\"https:\/\/blogdorogeriogomes.com.br\/noticias\/wp-content\/uploads\/2021\/06\/images-35.jpeg 680w, https:\/\/blogdorogeriogomes.com.br\/noticias\/wp-content\/uploads\/2021\/06\/images-35-300x199.jpeg 300w\" sizes=\"auto, (max-width: 680px) 100vw, 680px\" \/><\/figure>\n","protected":false},"excerpt":{"rendered":"<p>A CPI da Covid aprovou, nesta quinta-feira, dia 10 de junho, a quebra de sigilo telef\u00f4nico e telem\u00e1tico dos ex-ministros Eduardo Pazuello (Sa\u00fade) e Ernesto Ara\u00fajo (Rela\u00e7\u00f5es Internacionais), al\u00e9m do empres\u00e1rio Carlos Wizard (que atuou como conselheiro informal do governo durante a pandemia). Com a decis\u00e3o, os senadores pretendem acelerar as investiga\u00e7\u00f5es para verificar se houve algum erro ou irregularidade por parte do Executivo federal na condu\u00e7\u00e3o das a\u00e7\u00f5es de enfrentamento \u00e0 crise sanit\u00e1ria. Tamb\u00e9m est\u00e3o na lista Mayra&hellip;<\/p>\n","protected":false},"author":1,"featured_media":21579,"comment_status":"open","ping_status":"open","sticky":false,"template":"","format":"standard","meta":{"footnotes":""},"categories":[1],"tags":[],"class_list":["post-21578","post","type-post","status-publish","format-standard","has-post-thumbnail","hentry","category-noticias"],"_links":{"self":[{"href":"https:\/\/blogdorogeriogomes.com.br\/noticias\/wp-json\/wp\/v2\/posts\/21578","targetHints":{"allow":["GET"]}}],"collection":[{"href":"https:\/\/blogdorogeriogomes.com.br\/noticias\/wp-json\/wp\/v2\/posts"}],"about":[{"href":"https:\/\/blogdorogeriogomes.com.br\/noticias\/wp-json\/wp\/v2\/types\/post"}],"author":[{"embeddable":true,"href":"https:\/\/blogdorogeriogomes.com.br\/noticias\/wp-json\/wp\/v2\/users\/1"}],"replies":[{"embeddable":true,"href":"https:\/\/blogdorogeriogomes.com.br\/noticias\/wp-json\/wp\/v2\/comments?post=21578"}],"version-history":[{"count":1,"href":"https:\/\/blogdorogeriogomes.com.br\/noticias\/wp-json\/wp\/v2\/posts\/21578\/revisions"}],"predecessor-version":[{"id":21580,"href":"https:\/\/blogdorogeriogomes.com.br\/noticias\/wp-json\/wp\/v2\/posts\/21578\/revisions\/21580"}],"wp:featuredmedia":[{"embeddable":true,"href":"https:\/\/blogdorogeriogomes.com.br\/noticias\/wp-json\/wp\/v2\/media\/21579"}],"wp:attachment":[{"href":"https:\/\/blogdorogeriogomes.com.br\/noticias\/wp-json\/wp\/v2\/media?parent=21578"}],"wp:term":[{"taxonomy":"category","embeddable":true,"href":"https:\/\/blogdorogeriogomes.com.br\/noticias\/wp-json\/wp\/v2\/categories?post=21578"},{"taxonomy":"post_tag","embeddable":true,"href":"https:\/\/blogdorogeriogomes.com.br\/noticias\/wp-json\/wp\/v2\/tags?post=21578"}],"curies":[{"name":"wp","href":"https:\/\/api.w.org\/{rel}","templated":true}]}}