{"id":21581,"date":"2021-06-10T20:28:38","date_gmt":"2021-06-10T20:28:38","guid":{"rendered":"https:\/\/blogdorogeriogomes.com.br\/?p=21581"},"modified":"2021-06-11T11:01:37","modified_gmt":"2021-06-11T11:01:37","slug":"deputados-estaduais-aprovam-aquisicao-de-notebooks-para-professores-da-rede-publica-estadual-no-ceara","status":"publish","type":"post","link":"https:\/\/blogdorogeriogomes.com.br\/noticias\/2021\/06\/deputados-estaduais-aprovam-aquisicao-de-notebooks-para-professores-da-rede-publica-estadual-no-ceara\/","title":{"rendered":"Deputados estaduais aprovam aquisi\u00e7\u00e3o de notebooks para professores da rede p\u00fablica estadual no Cear\u00e1"},"content":{"rendered":"\n<p>A Assembleia Legislativa do Estado do Cear\u00e1 aprovou, durante a sess\u00e3o plen\u00e1ria realizada nesta quinta-feira, dia 10 de junho, de forma presencial e remota, um total de 17 projetos, entre os quais, a proposta que trata da aquisi\u00e7\u00e3o e cess\u00e3o de notebooks para uso de professores da rede p\u00fablica estadual de ensino, com o objetivo de assegurar condi\u00e7\u00f5es para a cria\u00e7\u00e3o de conte\u00fados e pr\u00e1tica de atividades necess\u00e1rias \u00e0 aprendizagem remota. Foram apreciados pelos deputados e aprovados 4 propostas do Poder Executivo, duas da Mesa Diretora, al\u00e9m de quatro projetos de lei e sete de indica\u00e7\u00e3o de autoria de parlamentares.<\/p>\n\n\n\n<p>O presidente da Assembleia Legislativa, Evandro Leit\u00e3o, alertou, durante a abertura da sess\u00e3o plen\u00e1ria para que a popula\u00e7\u00e3o tome a segunda dose da vacina e complete a imuniza\u00e7\u00e3o. \u201cTemos que nos vacinar por completo, para que seja poss\u00edvel o retorno de uma vida normal. Espero que todos os irm\u00e3os cearenses sigam esse caminho e n\u00e3o deixem de se vacinar, quando chegar o momento\u201d, refor\u00e7ou, destacando a defesa da ci\u00eancia.<\/p>\n\n\n\n<p>O parlamentar lembrou que cerca de 13 mil pessoas no Cear\u00e1 n\u00e3o compareceram para tomar a segunda dose da vacina contra a Covid-19, e que no Brasil esse n\u00famero chega a milh\u00f5es de pessoas. No Cear\u00e1, j\u00e1 foram aplicadas mais de tr\u00eas milh\u00f5es de doses de vacinas, sendo o Estado o quarto do Pa\u00eds em percentual de segundas doses aplicadas. Evandro ressaltou a cria\u00e7\u00e3o da vacina cearense pela Universidade Estadual do Cear\u00e1 e recordou a busca incessante por imunizantes pelo governador Camilo Santana e prefeitos cearenses.<\/p>\n\n\n\n<p>O chefe do Legislativo estadual registrou ainda as a\u00e7\u00f5es da Casa realizadas nos \u00faltimos dias e o retorno de atendimentos presenciais, seguindo protocolos sanit\u00e1rios e mediante agendamento no site da Assembleia, de servi\u00e7os prestados pela Casa: o Procon Assembleia, a Casa do Cidad\u00e3o, o Escrit\u00f3rio de Direitos Humanos e Assessoria Jur\u00eddica Popular Frei Tito de Alencar, a Procuradoria Especial da Mulher e o Departamento de Sa\u00fade e Assist\u00eancia Social.<\/p>\n\n\n\n<p>Evandro Leit\u00e3o citou o lan\u00e7amento do N\u00facleo de Responsabilidade Social (NRS) e a assinatura da carta de ades\u00e3o ao Pacto Global da Organiza\u00e7\u00e3o das Na\u00e7\u00f5es Unidas (ONU). Ele concluiu com um minuto de sil\u00eancio em mem\u00f3ria \u00e0s v\u00edtimas de Covid-19 no Cear\u00e1 e no Brasil.<\/p>\n\n\n\n<figure class=\"wp-block-image size-large\"><img loading=\"lazy\" decoding=\"async\" width=\"800\" height=\"533\" src=\"https:\/\/blogdorogeriogomes.com.br\/wp-content\/uploads\/2021\/06\/IMG-20210610-WA0087.jpg\" alt=\"\" class=\"wp-image-21582\" srcset=\"https:\/\/blogdorogeriogomes.com.br\/noticias\/wp-content\/uploads\/2021\/06\/IMG-20210610-WA0087.jpg 800w, https:\/\/blogdorogeriogomes.com.br\/noticias\/wp-content\/uploads\/2021\/06\/IMG-20210610-WA0087-300x200.jpg 300w, https:\/\/blogdorogeriogomes.com.br\/noticias\/wp-content\/uploads\/2021\/06\/IMG-20210610-WA0087-768x512.jpg 768w\" sizes=\"auto, (max-width: 800px) 100vw, 800px\" \/><\/figure>\n","protected":false},"excerpt":{"rendered":"<p>A Assembleia Legislativa do Estado do Cear\u00e1 aprovou, durante a sess\u00e3o plen\u00e1ria realizada nesta quinta-feira, dia 10 de junho, de forma presencial e remota, um total de 17 projetos, entre os quais, a proposta que trata da aquisi\u00e7\u00e3o e cess\u00e3o de notebooks para uso de professores da rede p\u00fablica estadual de ensino, com o objetivo de assegurar condi\u00e7\u00f5es para a cria\u00e7\u00e3o de conte\u00fados e pr\u00e1tica de atividades necess\u00e1rias \u00e0 aprendizagem remota. Foram apreciados pelos deputados e aprovados 4 propostas&hellip;<\/p>\n","protected":false},"author":1,"featured_media":21582,"comment_status":"open","ping_status":"open","sticky":false,"template":"","format":"standard","meta":{"footnotes":""},"categories":[1],"tags":[],"class_list":["post-21581","post","type-post","status-publish","format-standard","has-post-thumbnail","hentry","category-noticias"],"_links":{"self":[{"href":"https:\/\/blogdorogeriogomes.com.br\/noticias\/wp-json\/wp\/v2\/posts\/21581","targetHints":{"allow":["GET"]}}],"collection":[{"href":"https:\/\/blogdorogeriogomes.com.br\/noticias\/wp-json\/wp\/v2\/posts"}],"about":[{"href":"https:\/\/blogdorogeriogomes.com.br\/noticias\/wp-json\/wp\/v2\/types\/post"}],"author":[{"embeddable":true,"href":"https:\/\/blogdorogeriogomes.com.br\/noticias\/wp-json\/wp\/v2\/users\/1"}],"replies":[{"embeddable":true,"href":"https:\/\/blogdorogeriogomes.com.br\/noticias\/wp-json\/wp\/v2\/comments?post=21581"}],"version-history":[{"count":1,"href":"https:\/\/blogdorogeriogomes.com.br\/noticias\/wp-json\/wp\/v2\/posts\/21581\/revisions"}],"predecessor-version":[{"id":21583,"href":"https:\/\/blogdorogeriogomes.com.br\/noticias\/wp-json\/wp\/v2\/posts\/21581\/revisions\/21583"}],"wp:featuredmedia":[{"embeddable":true,"href":"https:\/\/blogdorogeriogomes.com.br\/noticias\/wp-json\/wp\/v2\/media\/21582"}],"wp:attachment":[{"href":"https:\/\/blogdorogeriogomes.com.br\/noticias\/wp-json\/wp\/v2\/media?parent=21581"}],"wp:term":[{"taxonomy":"category","embeddable":true,"href":"https:\/\/blogdorogeriogomes.com.br\/noticias\/wp-json\/wp\/v2\/categories?post=21581"},{"taxonomy":"post_tag","embeddable":true,"href":"https:\/\/blogdorogeriogomes.com.br\/noticias\/wp-json\/wp\/v2\/tags?post=21581"}],"curies":[{"name":"wp","href":"https:\/\/api.w.org\/{rel}","templated":true}]}}