{"id":21584,"date":"2021-06-10T22:41:17","date_gmt":"2021-06-10T22:41:17","guid":{"rendered":"https:\/\/blogdorogeriogomes.com.br\/?p=21584"},"modified":"2021-06-11T11:01:24","modified_gmt":"2021-06-11T11:01:24","slug":"stf-permite-a-realizacao-da-copa-america-no-brasil","status":"publish","type":"post","link":"https:\/\/blogdorogeriogomes.com.br\/noticias\/2021\/06\/stf-permite-a-realizacao-da-copa-america-no-brasil\/","title":{"rendered":"STF permite a realiza\u00e7\u00e3o da Copa Am\u00e9rica no Brasil"},"content":{"rendered":"\n<p>O Supremo Tribunal Federal decidiu, nesta quinta-feira, dia 10 de junho, pela rejei\u00e7\u00e3o das duas a\u00e7\u00f5es que pedem a suspens\u00e3o da Copa Am\u00e9rica no Brasil. A Corte formou maioria para manuten\u00e7\u00e3o do torneio em solo brasileiro, com seis dos 11 ministros a favor em plen\u00e1ria virtual. A ministra C\u00e1rmen L\u00facia foi a relatora do pedido para que a suspens\u00e3o fosse rejeitada.<\/p>\n\n\n\n<p>O ministro Ricardo Lewandowski acompanhou a ministra pela rejei\u00e7\u00e3o, mas defendeu que o governo federal deve apresentar, dentro do prazo de 24 horas, um planejamento estrat\u00e9gico que garanta a realiza\u00e7\u00e3o segura da competi\u00e7\u00e3o de sele\u00e7\u00f5es no Pa\u00eds. Al\u00e9m disso, Lewandowski votou pela determina\u00e7\u00e3o de que os governos estaduais que sediar\u00e3o os jogos (Distrito Federal, Rio de Janeiro, Mato Grosso e Goi\u00e1s), al\u00e9m dos prefeitos das cidades de Rio de Janeiro, Cuiab\u00e1 e Goi\u00e2nia, prov\u00e1veis sedes, apresentem tamb\u00e9m um plano de opera\u00e7\u00e3o ao STF dentro do mesmo prazo.<\/p>\n\n\n\n<p>Em sua relatoria, Carmen L\u00facia apontou que o papel do STF \u00e9 o de atuar segundo as balizas da Constitui\u00e7\u00e3o e da legisla\u00e7\u00e3o vigente. &#8220;Juiz n\u00e3o atua porque quer, nem como deseja, mas segundo o que o direito determina e nos limites por ele estabelecidos&#8221;, justificou a negativa.<\/p>\n\n\n\n<p>As investidas contra a Copa Am\u00e9rica foram apresentadas pelo PSB e pela Confedera\u00e7\u00e3o Nacional dos Trabalhadores Metal\u00fargicos. Com caminho livre para realiza\u00e7\u00e3o, a Copa Am\u00e9rica come\u00e7a no Brasil no pr\u00f3ximo domingo, dia 13.<\/p>\n\n\n\n<p>Em tempo: no mesmo dia que o STF libera a Copa Am\u00e9rica no Brasil, gerando mais risco de dissemina\u00e7\u00e3o do coronav\u00edrus, o presidente Jair Bolsonaro afirmou hoje que o ministro da Sa\u00fade, Marcelo Queiroga, deve publicar um parecer para desobrigar o uso de m\u00e1scara por parte daqueles que j\u00e1 foram vacinados ou contra\u00edram a Covid-19 e se recuperaram, contrariando as recomenda\u00e7\u00f5es de autoridades sanit\u00e1rias do mundo todo.<\/p>\n\n\n\n<figure class=\"wp-block-image size-large\"><img loading=\"lazy\" decoding=\"async\" width=\"450\" height=\"300\" src=\"https:\/\/blogdorogeriogomes.com.br\/wp-content\/uploads\/2021\/06\/Lucas-Figueiredo-2-450x300-1.png\" alt=\"\" class=\"wp-image-21585\" srcset=\"https:\/\/blogdorogeriogomes.com.br\/noticias\/wp-content\/uploads\/2021\/06\/Lucas-Figueiredo-2-450x300-1.png 450w, https:\/\/blogdorogeriogomes.com.br\/noticias\/wp-content\/uploads\/2021\/06\/Lucas-Figueiredo-2-450x300-1-300x200.png 300w\" sizes=\"auto, (max-width: 450px) 100vw, 450px\" \/><\/figure>\n","protected":false},"excerpt":{"rendered":"<p>O Supremo Tribunal Federal decidiu, nesta quinta-feira, dia 10 de junho, pela rejei\u00e7\u00e3o das duas a\u00e7\u00f5es que pedem a suspens\u00e3o da Copa Am\u00e9rica no Brasil. A Corte formou maioria para manuten\u00e7\u00e3o do torneio em solo brasileiro, com seis dos 11 ministros a favor em plen\u00e1ria virtual. A ministra C\u00e1rmen L\u00facia foi a relatora do pedido para que a suspens\u00e3o fosse rejeitada. O ministro Ricardo Lewandowski acompanhou a ministra pela rejei\u00e7\u00e3o, mas defendeu que o governo federal deve apresentar, dentro&hellip;<\/p>\n","protected":false},"author":1,"featured_media":21585,"comment_status":"open","ping_status":"open","sticky":false,"template":"","format":"standard","meta":{"footnotes":""},"categories":[1],"tags":[],"class_list":["post-21584","post","type-post","status-publish","format-standard","has-post-thumbnail","hentry","category-noticias"],"_links":{"self":[{"href":"https:\/\/blogdorogeriogomes.com.br\/noticias\/wp-json\/wp\/v2\/posts\/21584","targetHints":{"allow":["GET"]}}],"collection":[{"href":"https:\/\/blogdorogeriogomes.com.br\/noticias\/wp-json\/wp\/v2\/posts"}],"about":[{"href":"https:\/\/blogdorogeriogomes.com.br\/noticias\/wp-json\/wp\/v2\/types\/post"}],"author":[{"embeddable":true,"href":"https:\/\/blogdorogeriogomes.com.br\/noticias\/wp-json\/wp\/v2\/users\/1"}],"replies":[{"embeddable":true,"href":"https:\/\/blogdorogeriogomes.com.br\/noticias\/wp-json\/wp\/v2\/comments?post=21584"}],"version-history":[{"count":1,"href":"https:\/\/blogdorogeriogomes.com.br\/noticias\/wp-json\/wp\/v2\/posts\/21584\/revisions"}],"predecessor-version":[{"id":21586,"href":"https:\/\/blogdorogeriogomes.com.br\/noticias\/wp-json\/wp\/v2\/posts\/21584\/revisions\/21586"}],"wp:featuredmedia":[{"embeddable":true,"href":"https:\/\/blogdorogeriogomes.com.br\/noticias\/wp-json\/wp\/v2\/media\/21585"}],"wp:attachment":[{"href":"https:\/\/blogdorogeriogomes.com.br\/noticias\/wp-json\/wp\/v2\/media?parent=21584"}],"wp:term":[{"taxonomy":"category","embeddable":true,"href":"https:\/\/blogdorogeriogomes.com.br\/noticias\/wp-json\/wp\/v2\/categories?post=21584"},{"taxonomy":"post_tag","embeddable":true,"href":"https:\/\/blogdorogeriogomes.com.br\/noticias\/wp-json\/wp\/v2\/tags?post=21584"}],"curies":[{"name":"wp","href":"https:\/\/api.w.org\/{rel}","templated":true}]}}