{"id":21587,"date":"2021-06-10T22:56:52","date_gmt":"2021-06-10T22:56:52","guid":{"rendered":"https:\/\/blogdorogeriogomes.com.br\/?p=21587"},"modified":"2021-06-11T11:01:02","modified_gmt":"2021-06-11T11:01:02","slug":"fortaleza-tera-mutirao-de-cadastro-de-vacinacao-contra-covid-19-na-proxima-segunda-feira","status":"publish","type":"post","link":"https:\/\/blogdorogeriogomes.com.br\/noticias\/2021\/06\/fortaleza-tera-mutirao-de-cadastro-de-vacinacao-contra-covid-19-na-proxima-segunda-feira\/","title":{"rendered":"Fortaleza ter\u00e1 mutir\u00e3o de cadastro de vacina\u00e7\u00e3o contra Covid-19 na pr\u00f3xima segunda-feira"},"content":{"rendered":"\n<p>O prefeito Jos\u00e9 Sarto, anunciou nesta quinta-feira, dia 10 de junho, que Fortaleza ter\u00e1 mutir\u00e3o de cadastro na plataforma Sa\u00fade Digital para vacina\u00e7\u00e3o contra a Covid-19 a partir da segunda-feira, dia 14. Far\u00e3o parte do mutir\u00e3o os 27 Centros de Refer\u00eancia da Assist\u00eancia Social (Cras), dois Centros Urbanos de Cultura, Arte, Ci\u00eancia e Esporte (Cucas), Jangurussu e Jos\u00e9 Walter, e o Centro Cultural Canindezinho, segundo o prefeito.<br>O atendimento ser\u00e1 de segunda a sexta-feira, das 8 \u00e0s 17 horas e \u00e9 preciso apenas que se dirijam ao local mais pr\u00f3ximo de sua resid\u00eancia e procure o servi\u00e7o.<br>De acordo com o prefeito, a partir desta quinta-feira, a Secretaria de Direitos Humanos, Secretaria Municipal de Educa\u00e7\u00e3o (SME), Secretaria de Sa\u00fade (SMS) e a Coordenadoria Especial de Pol\u00edticas P\u00fablicas de Juventude iniciou uma busca ativa para identificar as pessoas que ainda n\u00e3o est\u00e3o cadastradas na plataforma. Sarto prev\u00ea que mais de 500 mil pessoas atendidas por esses \u00f3rg\u00e3os sejam beneficiadas.<br>O objetivo \u00e9 identificar e realizar o cadastro de pessoas que est\u00e3o exclu\u00eddas do mundo digital, verificando se as pessoas inscritas em programa sociais, como o de entrega de cestas b\u00e1sicas e educa\u00e7\u00e3o p\u00fablica, j\u00e1 realizaram o cadastro. Se n\u00e3o, haver\u00e1 cadastramento com apoio da Prefeitura. Os familiares de jovens inscritos nos programas tamb\u00e9m devem receber o apoio.<\/p>\n\n\n\n<figure class=\"wp-block-image size-large\"><img loading=\"lazy\" decoding=\"async\" width=\"678\" height=\"452\" src=\"https:\/\/blogdorogeriogomes.com.br\/wp-content\/uploads\/2021\/06\/IMG-20210610-WA0097.jpg\" alt=\"\" class=\"wp-image-21588\" srcset=\"https:\/\/blogdorogeriogomes.com.br\/noticias\/wp-content\/uploads\/2021\/06\/IMG-20210610-WA0097.jpg 678w, https:\/\/blogdorogeriogomes.com.br\/noticias\/wp-content\/uploads\/2021\/06\/IMG-20210610-WA0097-300x200.jpg 300w\" sizes=\"auto, (max-width: 678px) 100vw, 678px\" \/><\/figure>\n","protected":false},"excerpt":{"rendered":"<p>O prefeito Jos\u00e9 Sarto, anunciou nesta quinta-feira, dia 10 de junho, que Fortaleza ter\u00e1 mutir\u00e3o de cadastro na plataforma Sa\u00fade Digital para vacina\u00e7\u00e3o contra a Covid-19 a partir da segunda-feira, dia 14. Far\u00e3o parte do mutir\u00e3o os 27 Centros de Refer\u00eancia da Assist\u00eancia Social (Cras), dois Centros Urbanos de Cultura, Arte, Ci\u00eancia e Esporte (Cucas), Jangurussu e Jos\u00e9 Walter, e o Centro Cultural Canindezinho, segundo o prefeito.O atendimento ser\u00e1 de segunda a sexta-feira, das 8 \u00e0s 17 horas e&hellip;<\/p>\n","protected":false},"author":1,"featured_media":21588,"comment_status":"open","ping_status":"open","sticky":false,"template":"","format":"standard","meta":{"footnotes":""},"categories":[1],"tags":[],"class_list":["post-21587","post","type-post","status-publish","format-standard","has-post-thumbnail","hentry","category-noticias"],"_links":{"self":[{"href":"https:\/\/blogdorogeriogomes.com.br\/noticias\/wp-json\/wp\/v2\/posts\/21587","targetHints":{"allow":["GET"]}}],"collection":[{"href":"https:\/\/blogdorogeriogomes.com.br\/noticias\/wp-json\/wp\/v2\/posts"}],"about":[{"href":"https:\/\/blogdorogeriogomes.com.br\/noticias\/wp-json\/wp\/v2\/types\/post"}],"author":[{"embeddable":true,"href":"https:\/\/blogdorogeriogomes.com.br\/noticias\/wp-json\/wp\/v2\/users\/1"}],"replies":[{"embeddable":true,"href":"https:\/\/blogdorogeriogomes.com.br\/noticias\/wp-json\/wp\/v2\/comments?post=21587"}],"version-history":[{"count":1,"href":"https:\/\/blogdorogeriogomes.com.br\/noticias\/wp-json\/wp\/v2\/posts\/21587\/revisions"}],"predecessor-version":[{"id":21589,"href":"https:\/\/blogdorogeriogomes.com.br\/noticias\/wp-json\/wp\/v2\/posts\/21587\/revisions\/21589"}],"wp:featuredmedia":[{"embeddable":true,"href":"https:\/\/blogdorogeriogomes.com.br\/noticias\/wp-json\/wp\/v2\/media\/21588"}],"wp:attachment":[{"href":"https:\/\/blogdorogeriogomes.com.br\/noticias\/wp-json\/wp\/v2\/media?parent=21587"}],"wp:term":[{"taxonomy":"category","embeddable":true,"href":"https:\/\/blogdorogeriogomes.com.br\/noticias\/wp-json\/wp\/v2\/categories?post=21587"},{"taxonomy":"post_tag","embeddable":true,"href":"https:\/\/blogdorogeriogomes.com.br\/noticias\/wp-json\/wp\/v2\/tags?post=21587"}],"curies":[{"name":"wp","href":"https:\/\/api.w.org\/{rel}","templated":true}]}}