{"id":21590,"date":"2021-06-11T10:36:09","date_gmt":"2021-06-11T10:36:09","guid":{"rendered":"https:\/\/blogdorogeriogomes.com.br\/?p=21590"},"modified":"2021-06-11T11:00:43","modified_gmt":"2021-06-11T11:00:43","slug":"camilo-santana-e-jose-sarto-reagem-a-proposta-de-bolsonaro-de-retirar-a-obrigacao-do-uso-de-mascaras","status":"publish","type":"post","link":"https:\/\/blogdorogeriogomes.com.br\/noticias\/2021\/06\/camilo-santana-e-jose-sarto-reagem-a-proposta-de-bolsonaro-de-retirar-a-obrigacao-do-uso-de-mascaras\/","title":{"rendered":"Camilo Santana e Jos\u00e9 Sarto reagem \u00e0 proposta de Bolsonaro de retirar a obriga\u00e7\u00e3o do uso de m\u00e1scaras"},"content":{"rendered":"\n<p>O governador do Cear\u00e1, Camilo Santana, e o prefeito de Fortaleza, Jos\u00e9 Sarto, reagiram \u00e0 proposta do presidente Jair Bolsonaro de retirar a obriga\u00e7\u00e3o do uso de m\u00e1scaras para quem j\u00e1 se vacinou ou foi infectado pelo coronav\u00edrus. O Brasil s\u00f3 conta hoje com 11% da popula\u00e7\u00e3o vacinada com duas doses, que garantem a imuniza\u00e7\u00e3o contra a Covid-19.<\/p>\n\n\n\n<p>Para o prefeito Jos\u00e9 Sarto, n\u00e3o \u00e9 hora de descuidar das medidas preventivas. &#8220;O uso de m\u00e1scara \u00e9 mais do que autocuidado, \u00e9 prote\u00e7\u00e3o dos que amamos, \u00e9 estrat\u00e9gia de preven\u00e7\u00e3o coletiva. Mesmo com o avan\u00e7o da vacina\u00e7\u00e3o, ainda n\u00e3o \u00e9 seguro descontinuar essa importante medida. Depois de tudo o que vivenciamos e diante das perdas que ainda estamos sofrendo, insistir em contrariar a ci\u00eancia \u00e9 temer\u00e1rio. Chega de negacionismo!&#8221;<\/p>\n\n\n\n<p>O governador Camilo Santana ressalta a necessidade de respeitar o que diz a Ci\u00eancia. &#8220;Sobre o uso de m\u00e1scara, continua sendo absolutamente necess\u00e1rio neste momento ainda grave da pandemia. Todos os especialistas afirmam isso. M\u00e1scara ajuda a salvar vidas. Qualquer orienta\u00e7\u00e3o contr\u00e1ria \u00e9 inconsequente e deve ser ignorada&#8221;. <\/p>\n\n\n\n<figure class=\"wp-block-image size-large\"><img loading=\"lazy\" decoding=\"async\" width=\"577\" height=\"531\" src=\"https:\/\/blogdorogeriogomes.com.br\/wp-content\/uploads\/2021\/06\/images-36.jpeg\" alt=\"\" class=\"wp-image-21591\" srcset=\"https:\/\/blogdorogeriogomes.com.br\/noticias\/wp-content\/uploads\/2021\/06\/images-36.jpeg 577w, https:\/\/blogdorogeriogomes.com.br\/noticias\/wp-content\/uploads\/2021\/06\/images-36-300x276.jpeg 300w\" sizes=\"auto, (max-width: 577px) 100vw, 577px\" \/><\/figure>\n","protected":false},"excerpt":{"rendered":"<p>O governador do Cear\u00e1, Camilo Santana, e o prefeito de Fortaleza, Jos\u00e9 Sarto, reagiram \u00e0 proposta do presidente Jair Bolsonaro de retirar a obriga\u00e7\u00e3o do uso de m\u00e1scaras para quem j\u00e1 se vacinou ou foi infectado pelo coronav\u00edrus. O Brasil s\u00f3 conta hoje com 11% da popula\u00e7\u00e3o vacinada com duas doses, que garantem a imuniza\u00e7\u00e3o contra a Covid-19. Para o prefeito Jos\u00e9 Sarto, n\u00e3o \u00e9 hora de descuidar das medidas preventivas. &#8220;O uso de m\u00e1scara \u00e9 mais do que&hellip;<\/p>\n","protected":false},"author":1,"featured_media":21591,"comment_status":"open","ping_status":"open","sticky":false,"template":"","format":"standard","meta":{"footnotes":""},"categories":[1],"tags":[],"class_list":["post-21590","post","type-post","status-publish","format-standard","has-post-thumbnail","hentry","category-noticias"],"_links":{"self":[{"href":"https:\/\/blogdorogeriogomes.com.br\/noticias\/wp-json\/wp\/v2\/posts\/21590","targetHints":{"allow":["GET"]}}],"collection":[{"href":"https:\/\/blogdorogeriogomes.com.br\/noticias\/wp-json\/wp\/v2\/posts"}],"about":[{"href":"https:\/\/blogdorogeriogomes.com.br\/noticias\/wp-json\/wp\/v2\/types\/post"}],"author":[{"embeddable":true,"href":"https:\/\/blogdorogeriogomes.com.br\/noticias\/wp-json\/wp\/v2\/users\/1"}],"replies":[{"embeddable":true,"href":"https:\/\/blogdorogeriogomes.com.br\/noticias\/wp-json\/wp\/v2\/comments?post=21590"}],"version-history":[{"count":1,"href":"https:\/\/blogdorogeriogomes.com.br\/noticias\/wp-json\/wp\/v2\/posts\/21590\/revisions"}],"predecessor-version":[{"id":21592,"href":"https:\/\/blogdorogeriogomes.com.br\/noticias\/wp-json\/wp\/v2\/posts\/21590\/revisions\/21592"}],"wp:featuredmedia":[{"embeddable":true,"href":"https:\/\/blogdorogeriogomes.com.br\/noticias\/wp-json\/wp\/v2\/media\/21591"}],"wp:attachment":[{"href":"https:\/\/blogdorogeriogomes.com.br\/noticias\/wp-json\/wp\/v2\/media?parent=21590"}],"wp:term":[{"taxonomy":"category","embeddable":true,"href":"https:\/\/blogdorogeriogomes.com.br\/noticias\/wp-json\/wp\/v2\/categories?post=21590"},{"taxonomy":"post_tag","embeddable":true,"href":"https:\/\/blogdorogeriogomes.com.br\/noticias\/wp-json\/wp\/v2\/tags?post=21590"}],"curies":[{"name":"wp","href":"https:\/\/api.w.org\/{rel}","templated":true}]}}