{"id":21593,"date":"2021-06-11T10:59:06","date_gmt":"2021-06-11T10:59:06","guid":{"rendered":"https:\/\/blogdorogeriogomes.com.br\/?p=21593"},"modified":"2021-06-15T00:41:18","modified_gmt":"2021-06-15T00:41:18","slug":"pessoas-acima-de-60-anos-em-fortaleza-que-estejam-cadastradas-ja-podem-se-vacinar-sem-o-agendamento","status":"publish","type":"post","link":"https:\/\/blogdorogeriogomes.com.br\/noticias\/2021\/06\/pessoas-acima-de-60-anos-em-fortaleza-que-estejam-cadastradas-ja-podem-se-vacinar-sem-o-agendamento\/","title":{"rendered":"Pessoas acima de 60 anos em Fortaleza que estejam cadastradas j\u00e1 podem se vacinar sem o agendamento"},"content":{"rendered":"\n<p>A Secretaria de Sa\u00fade de Fortaleza quer agilizar a imuniza\u00e7\u00e3o de pessoas acima de 60 anos que perderam o agendamento para a primeira ou segunda dose da vacina contra a Covid-19. A faixa et\u00e1ria est\u00e1 dispensada de agendamento. Quem est\u00e1 cadastrado no Sa\u00fade Digital pode procurar diretamente um posto de vacina\u00e7\u00e3o. Em Fortaleza, s\u00e3o 53 pontos de imuniza\u00e7\u00e3o contra a Covid-19 sem necessidade de agendamento pr\u00e9vio. <\/p>\n\n\n\n<p>O p\u00fablico de outros grupos priorit\u00e1rios que perderam agendamento porque tomaram a vacina contra a gripe ou estavam com Covid-19, que s\u00e3o casos que impedem a vacina\u00e7\u00e3o contra a Covid-19 por 14 dias, tamb\u00e9m podem se encaminhar a um dos locais de vacina\u00e7\u00e3o com o comprovante de vacina\u00e7\u00e3o da gripe ou o laudo que comprove a infec\u00e7\u00e3o.&nbsp;<\/p>\n\n\n\n<figure class=\"wp-block-image size-large\"><img loading=\"lazy\" decoding=\"async\" width=\"738\" height=\"415\" src=\"https:\/\/blogdorogeriogomes.com.br\/wp-content\/uploads\/2021\/06\/images-37.jpeg\" alt=\"\" class=\"wp-image-21594\" srcset=\"https:\/\/blogdorogeriogomes.com.br\/noticias\/wp-content\/uploads\/2021\/06\/images-37.jpeg 738w, https:\/\/blogdorogeriogomes.com.br\/noticias\/wp-content\/uploads\/2021\/06\/images-37-300x169.jpeg 300w\" sizes=\"auto, (max-width: 738px) 100vw, 738px\" \/><\/figure>\n","protected":false},"excerpt":{"rendered":"<p>A Secretaria de Sa\u00fade de Fortaleza quer agilizar a imuniza\u00e7\u00e3o de pessoas acima de 60 anos que perderam o agendamento para a primeira ou segunda dose da vacina contra a Covid-19. A faixa et\u00e1ria est\u00e1 dispensada de agendamento. Quem est\u00e1 cadastrado no Sa\u00fade Digital pode procurar diretamente um posto de vacina\u00e7\u00e3o. Em Fortaleza, s\u00e3o 53 pontos de imuniza\u00e7\u00e3o contra a Covid-19 sem necessidade de agendamento pr\u00e9vio. O p\u00fablico de outros grupos priorit\u00e1rios que perderam agendamento porque tomaram a vacina&hellip;<\/p>\n","protected":false},"author":1,"featured_media":21594,"comment_status":"open","ping_status":"open","sticky":false,"template":"","format":"standard","meta":{"footnotes":""},"categories":[1],"tags":[],"class_list":["post-21593","post","type-post","status-publish","format-standard","has-post-thumbnail","hentry","category-noticias"],"_links":{"self":[{"href":"https:\/\/blogdorogeriogomes.com.br\/noticias\/wp-json\/wp\/v2\/posts\/21593","targetHints":{"allow":["GET"]}}],"collection":[{"href":"https:\/\/blogdorogeriogomes.com.br\/noticias\/wp-json\/wp\/v2\/posts"}],"about":[{"href":"https:\/\/blogdorogeriogomes.com.br\/noticias\/wp-json\/wp\/v2\/types\/post"}],"author":[{"embeddable":true,"href":"https:\/\/blogdorogeriogomes.com.br\/noticias\/wp-json\/wp\/v2\/users\/1"}],"replies":[{"embeddable":true,"href":"https:\/\/blogdorogeriogomes.com.br\/noticias\/wp-json\/wp\/v2\/comments?post=21593"}],"version-history":[{"count":2,"href":"https:\/\/blogdorogeriogomes.com.br\/noticias\/wp-json\/wp\/v2\/posts\/21593\/revisions"}],"predecessor-version":[{"id":21630,"href":"https:\/\/blogdorogeriogomes.com.br\/noticias\/wp-json\/wp\/v2\/posts\/21593\/revisions\/21630"}],"wp:featuredmedia":[{"embeddable":true,"href":"https:\/\/blogdorogeriogomes.com.br\/noticias\/wp-json\/wp\/v2\/media\/21594"}],"wp:attachment":[{"href":"https:\/\/blogdorogeriogomes.com.br\/noticias\/wp-json\/wp\/v2\/media?parent=21593"}],"wp:term":[{"taxonomy":"category","embeddable":true,"href":"https:\/\/blogdorogeriogomes.com.br\/noticias\/wp-json\/wp\/v2\/categories?post=21593"},{"taxonomy":"post_tag","embeddable":true,"href":"https:\/\/blogdorogeriogomes.com.br\/noticias\/wp-json\/wp\/v2\/tags?post=21593"}],"curies":[{"name":"wp","href":"https:\/\/api.w.org\/{rel}","templated":true}]}}