{"id":21596,"date":"2021-06-11T18:24:42","date_gmt":"2021-06-11T18:24:42","guid":{"rendered":"https:\/\/blogdorogeriogomes.com.br\/?p=21596"},"modified":"2021-06-15T00:40:53","modified_gmt":"2021-06-15T00:40:53","slug":"camilo-autoriza-aulas-presenciais-do-ensino-medio-e-reabertura-de-cinemas-museus-e-bibliotecas","status":"publish","type":"post","link":"https:\/\/blogdorogeriogomes.com.br\/noticias\/2021\/06\/camilo-autoriza-aulas-presenciais-do-ensino-medio-e-reabertura-de-cinemas-museus-e-bibliotecas\/","title":{"rendered":"Camilo autoriza aulas presenciais do Ensino M\u00e9dio e reabertura de cinemas, museus e bibliotecas"},"content":{"rendered":"\n<p>O governador Camilo Santana anunciou, nesta sexta-feira, dia 11 de junho, que ser\u00e1 autorizada a retomada de aulas presenciais para o Ensino M\u00e9dio nas escolas no Cear\u00e1. A determina\u00e7\u00e3o tamb\u00e9m vale para reabertura de cinemas, museus e bibliotecas. Apenas a regi\u00e3o do Cariri est\u00e1 de fora da decis\u00e3o do novo decreto, pois ainda apresenta quadro grave no combate \u00e0 pandemia da Covid-19.<\/p>\n\n\n\n<p>Outra novidade \u00e9 que templos religiosos e academias ter\u00e3o a permiss\u00e3o de funcionar com maior capacidade. Al\u00e9m disso, espa\u00e7os p\u00fablicos est\u00e3o liberados para atividades de esporte e lazer, como por exemplo as areninhas. O toque de recolher est\u00e1 mantido de 23 horas \u00e0s 5 horas do dia seguinte.<\/p>\n\n\n\n<p>O governador afirma que o Estado est\u00e1 em constante queda da procura por atendimento, com diminui\u00e7\u00e3o de casos e n\u00famero de mortes pelo coronav\u00edrus. O decreto com as flexibiliza\u00e7\u00f5es vale a partir da pr\u00f3xima segunda-feira, dia 14.<\/p>\n\n\n\n<figure class=\"wp-block-image size-large\"><img loading=\"lazy\" decoding=\"async\" width=\"739\" height=\"415\" src=\"https:\/\/blogdorogeriogomes.com.br\/wp-content\/uploads\/2021\/06\/images-38.jpeg\" alt=\"\" class=\"wp-image-21597\" srcset=\"https:\/\/blogdorogeriogomes.com.br\/noticias\/wp-content\/uploads\/2021\/06\/images-38.jpeg 739w, https:\/\/blogdorogeriogomes.com.br\/noticias\/wp-content\/uploads\/2021\/06\/images-38-300x168.jpeg 300w\" sizes=\"auto, (max-width: 739px) 100vw, 739px\" \/><\/figure>\n\n\n\n<p>Durante a transmiss\u00e3o, o secret\u00e1rio da Sa\u00fade do Cear\u00e1, Dr. Cabeto, ressaltou a import\u00e2ncia de se manter as medidas de distanciamento social e o uso de m\u00e1scara. &#8220;Para deixar de usar m\u00e1scara, precisamos ter um ambiente de baixa transmiss\u00e3o viral&#8221;, alertou o m\u00e9dico e titular da Sesa.<\/p>\n","protected":false},"excerpt":{"rendered":"<p>O governador Camilo Santana anunciou, nesta sexta-feira, dia 11 de junho, que ser\u00e1 autorizada a retomada de aulas presenciais para o Ensino M\u00e9dio nas escolas no Cear\u00e1. A determina\u00e7\u00e3o tamb\u00e9m vale para reabertura de cinemas, museus e bibliotecas. Apenas a regi\u00e3o do Cariri est\u00e1 de fora da decis\u00e3o do novo decreto, pois ainda apresenta quadro grave no combate \u00e0 pandemia da Covid-19. Outra novidade \u00e9 que templos religiosos e academias ter\u00e3o a permiss\u00e3o de funcionar com maior capacidade. Al\u00e9m&hellip;<\/p>\n","protected":false},"author":1,"featured_media":21597,"comment_status":"open","ping_status":"open","sticky":false,"template":"","format":"standard","meta":{"footnotes":""},"categories":[1],"tags":[],"class_list":["post-21596","post","type-post","status-publish","format-standard","has-post-thumbnail","hentry","category-noticias"],"_links":{"self":[{"href":"https:\/\/blogdorogeriogomes.com.br\/noticias\/wp-json\/wp\/v2\/posts\/21596","targetHints":{"allow":["GET"]}}],"collection":[{"href":"https:\/\/blogdorogeriogomes.com.br\/noticias\/wp-json\/wp\/v2\/posts"}],"about":[{"href":"https:\/\/blogdorogeriogomes.com.br\/noticias\/wp-json\/wp\/v2\/types\/post"}],"author":[{"embeddable":true,"href":"https:\/\/blogdorogeriogomes.com.br\/noticias\/wp-json\/wp\/v2\/users\/1"}],"replies":[{"embeddable":true,"href":"https:\/\/blogdorogeriogomes.com.br\/noticias\/wp-json\/wp\/v2\/comments?post=21596"}],"version-history":[{"count":1,"href":"https:\/\/blogdorogeriogomes.com.br\/noticias\/wp-json\/wp\/v2\/posts\/21596\/revisions"}],"predecessor-version":[{"id":21598,"href":"https:\/\/blogdorogeriogomes.com.br\/noticias\/wp-json\/wp\/v2\/posts\/21596\/revisions\/21598"}],"wp:featuredmedia":[{"embeddable":true,"href":"https:\/\/blogdorogeriogomes.com.br\/noticias\/wp-json\/wp\/v2\/media\/21597"}],"wp:attachment":[{"href":"https:\/\/blogdorogeriogomes.com.br\/noticias\/wp-json\/wp\/v2\/media?parent=21596"}],"wp:term":[{"taxonomy":"category","embeddable":true,"href":"https:\/\/blogdorogeriogomes.com.br\/noticias\/wp-json\/wp\/v2\/categories?post=21596"},{"taxonomy":"post_tag","embeddable":true,"href":"https:\/\/blogdorogeriogomes.com.br\/noticias\/wp-json\/wp\/v2\/tags?post=21596"}],"curies":[{"name":"wp","href":"https:\/\/api.w.org\/{rel}","templated":true}]}}