{"id":21606,"date":"2021-06-12T10:21:29","date_gmt":"2021-06-12T10:21:29","guid":{"rendered":"https:\/\/blogdorogeriogomes.com.br\/?p=21606"},"modified":"2021-06-15T00:40:04","modified_gmt":"2021-06-15T00:40:04","slug":"aulas-presenciais-na-rede-publica-do-ceara-so-retornam-no-segundo-semestre","status":"publish","type":"post","link":"https:\/\/blogdorogeriogomes.com.br\/noticias\/2021\/06\/aulas-presenciais-na-rede-publica-do-ceara-so-retornam-no-segundo-semestre\/","title":{"rendered":"Aulas presenciais na rede p\u00fablica do Cear\u00e1 s\u00f3 retornam no segundo semestre"},"content":{"rendered":"\n<p>O novo decreto estadual que passa a valer na segunda-feira, dia 14 de junho, permite o retorno das aulas presenciais no Ensino M\u00e9dio no Cear\u00e1. Mas a Secretaria de Educa\u00e7\u00e3o do Estado j\u00e1 confirmou que o ensino presencial na rede p\u00fablica s\u00f3 voltar\u00e1 no segundo semestre. At\u00e9 julho, os alunos continuar\u00e3o com o ensino remoto. O mesmo deve acontecer na rede de ensino de Fortaleza.<\/p>\n\n\n\n<p>Profissionais da rede p\u00fablica de ensino j\u00e1 receberam a primeira dose da vacina contra a Covid-19 e a ideia \u00e9 que todos estejam devidamente imunizados no segundo semestre. Entidades ligadas aos professores querem discutir um retorno seguro, o que s\u00f3 deve ocorrer se os n\u00fameros da doen\u00e7a estiverem sob controle em agosto.<\/p>\n\n\n\n<p>Na rede particular, pelo menos 200 estabelecimentos de ensino retomam as aulas do Ensino M\u00e9dio nesta segunda-feira, dia 14.<\/p>\n\n\n\n<figure class=\"wp-block-image size-large\"><img loading=\"lazy\" decoding=\"async\" width=\"680\" height=\"451\" src=\"https:\/\/blogdorogeriogomes.com.br\/wp-content\/uploads\/2021\/06\/images-40.jpeg\" alt=\"\" class=\"wp-image-21607\" srcset=\"https:\/\/blogdorogeriogomes.com.br\/noticias\/wp-content\/uploads\/2021\/06\/images-40.jpeg 680w, https:\/\/blogdorogeriogomes.com.br\/noticias\/wp-content\/uploads\/2021\/06\/images-40-300x199.jpeg 300w\" sizes=\"auto, (max-width: 680px) 100vw, 680px\" \/><\/figure>\n","protected":false},"excerpt":{"rendered":"<p>O novo decreto estadual que passa a valer na segunda-feira, dia 14 de junho, permite o retorno das aulas presenciais no Ensino M\u00e9dio no Cear\u00e1. Mas a Secretaria de Educa\u00e7\u00e3o do Estado j\u00e1 confirmou que o ensino presencial na rede p\u00fablica s\u00f3 voltar\u00e1 no segundo semestre. At\u00e9 julho, os alunos continuar\u00e3o com o ensino remoto. O mesmo deve acontecer na rede de ensino de Fortaleza. Profissionais da rede p\u00fablica de ensino j\u00e1 receberam a primeira dose da vacina contra&hellip;<\/p>\n","protected":false},"author":1,"featured_media":21607,"comment_status":"open","ping_status":"open","sticky":false,"template":"","format":"standard","meta":{"footnotes":""},"categories":[1],"tags":[],"class_list":["post-21606","post","type-post","status-publish","format-standard","has-post-thumbnail","hentry","category-noticias"],"_links":{"self":[{"href":"https:\/\/blogdorogeriogomes.com.br\/noticias\/wp-json\/wp\/v2\/posts\/21606","targetHints":{"allow":["GET"]}}],"collection":[{"href":"https:\/\/blogdorogeriogomes.com.br\/noticias\/wp-json\/wp\/v2\/posts"}],"about":[{"href":"https:\/\/blogdorogeriogomes.com.br\/noticias\/wp-json\/wp\/v2\/types\/post"}],"author":[{"embeddable":true,"href":"https:\/\/blogdorogeriogomes.com.br\/noticias\/wp-json\/wp\/v2\/users\/1"}],"replies":[{"embeddable":true,"href":"https:\/\/blogdorogeriogomes.com.br\/noticias\/wp-json\/wp\/v2\/comments?post=21606"}],"version-history":[{"count":1,"href":"https:\/\/blogdorogeriogomes.com.br\/noticias\/wp-json\/wp\/v2\/posts\/21606\/revisions"}],"predecessor-version":[{"id":21608,"href":"https:\/\/blogdorogeriogomes.com.br\/noticias\/wp-json\/wp\/v2\/posts\/21606\/revisions\/21608"}],"wp:featuredmedia":[{"embeddable":true,"href":"https:\/\/blogdorogeriogomes.com.br\/noticias\/wp-json\/wp\/v2\/media\/21607"}],"wp:attachment":[{"href":"https:\/\/blogdorogeriogomes.com.br\/noticias\/wp-json\/wp\/v2\/media?parent=21606"}],"wp:term":[{"taxonomy":"category","embeddable":true,"href":"https:\/\/blogdorogeriogomes.com.br\/noticias\/wp-json\/wp\/v2\/categories?post=21606"},{"taxonomy":"post_tag","embeddable":true,"href":"https:\/\/blogdorogeriogomes.com.br\/noticias\/wp-json\/wp\/v2\/tags?post=21606"}],"curies":[{"name":"wp","href":"https:\/\/api.w.org\/{rel}","templated":true}]}}