{"id":21609,"date":"2021-06-12T10:49:10","date_gmt":"2021-06-12T10:49:10","guid":{"rendered":"https:\/\/blogdorogeriogomes.com.br\/?p=21609"},"modified":"2021-06-15T00:39:50","modified_gmt":"2021-06-15T00:39:50","slug":"ceara-foi-o-unico-estado-do-nordeste-a-registrar-queda-na-media-de-casos-e-mortes-por-covid-19-nesta-semana","status":"publish","type":"post","link":"https:\/\/blogdorogeriogomes.com.br\/noticias\/2021\/06\/ceara-foi-o-unico-estado-do-nordeste-a-registrar-queda-na-media-de-casos-e-mortes-por-covid-19-nesta-semana\/","title":{"rendered":"Cear\u00e1 foi o \u00fanico estado do Nordeste a registrar queda na m\u00e9dia de casos e mortes por Covid-19 nesta semana"},"content":{"rendered":"\n<p>Dados do Cons\u00f3rcio de Ve\u00edculos de Imprensa, com informa\u00e7\u00f5es colhidas nas secret\u00e1rias de sa\u00fade dos estados, mostram que o Cear\u00e1 foi o \u00fanico estado do Nordeste a registrar, esta semana, redu\u00e7\u00e3o na m\u00e9dia m\u00f3vel de casos e mortes por Covid-19. O Estado apresenta queda de 16% em rela\u00e7\u00e3o \u00e0 m\u00e9dia de casos ou mortes dos \u00faltimos&nbsp;sete dias.&nbsp;No entanto, ainda h\u00e1 preocupa\u00e7\u00e3o com o quadro de ocupa\u00e7\u00e3o de leitos de UTI nas redes p\u00fablica e privada que est\u00e1 em 89%. Um patamar ainda muito alto.<\/p>\n\n\n\n<p>O quadro de estabilidade no Cear\u00e1 destoa de outros estados do Pa\u00eds, incluindo o Nordeste, que mostram crescimento no n\u00famero de casos e mortes, como \u00e9 o caso de Pernambuco. Estados em alta de casos est\u00e3o mantendo medidas r\u00edgidas de circula\u00e7\u00e3o de pessoas para barrar a dissemina\u00e7\u00e3o do coronav\u00edrus.<\/p>\n\n\n\n<p>Em tempo: o governador Camilo Santana anunciou, para o in\u00edcio da pr\u00f3xima semana, a chegada de 120 mil doses da vacina Janssen contra a Covid-19. A vacina Janssen \u00e9 aplicada em dose \u00fanica. O novo lote ser\u00e1 direcionado para a vacina\u00e7\u00e3o de pessoas entre 30 e 44 anos de idade, de todos os 184 munic\u00edpios cearenses.<\/p>\n\n\n\n<figure class=\"wp-block-image size-large\"><img loading=\"lazy\" decoding=\"async\" width=\"678\" height=\"452\" src=\"https:\/\/blogdorogeriogomes.com.br\/wp-content\/uploads\/2021\/06\/images-41.jpeg\" alt=\"\" class=\"wp-image-21610\" srcset=\"https:\/\/blogdorogeriogomes.com.br\/noticias\/wp-content\/uploads\/2021\/06\/images-41.jpeg 678w, https:\/\/blogdorogeriogomes.com.br\/noticias\/wp-content\/uploads\/2021\/06\/images-41-300x200.jpeg 300w\" sizes=\"auto, (max-width: 678px) 100vw, 678px\" \/><\/figure>\n","protected":false},"excerpt":{"rendered":"<p>Dados do Cons\u00f3rcio de Ve\u00edculos de Imprensa, com informa\u00e7\u00f5es colhidas nas secret\u00e1rias de sa\u00fade dos estados, mostram que o Cear\u00e1 foi o \u00fanico estado do Nordeste a registrar, esta semana, redu\u00e7\u00e3o na m\u00e9dia m\u00f3vel de casos e mortes por Covid-19. O Estado apresenta queda de 16% em rela\u00e7\u00e3o \u00e0 m\u00e9dia de casos ou mortes dos \u00faltimos&nbsp;sete dias.&nbsp;No entanto, ainda h\u00e1 preocupa\u00e7\u00e3o com o quadro de ocupa\u00e7\u00e3o de leitos de UTI nas redes p\u00fablica e privada que est\u00e1 em 89%.&hellip;<\/p>\n","protected":false},"author":1,"featured_media":21610,"comment_status":"open","ping_status":"open","sticky":false,"template":"","format":"standard","meta":{"footnotes":""},"categories":[1],"tags":[],"class_list":["post-21609","post","type-post","status-publish","format-standard","has-post-thumbnail","hentry","category-noticias"],"_links":{"self":[{"href":"https:\/\/blogdorogeriogomes.com.br\/noticias\/wp-json\/wp\/v2\/posts\/21609","targetHints":{"allow":["GET"]}}],"collection":[{"href":"https:\/\/blogdorogeriogomes.com.br\/noticias\/wp-json\/wp\/v2\/posts"}],"about":[{"href":"https:\/\/blogdorogeriogomes.com.br\/noticias\/wp-json\/wp\/v2\/types\/post"}],"author":[{"embeddable":true,"href":"https:\/\/blogdorogeriogomes.com.br\/noticias\/wp-json\/wp\/v2\/users\/1"}],"replies":[{"embeddable":true,"href":"https:\/\/blogdorogeriogomes.com.br\/noticias\/wp-json\/wp\/v2\/comments?post=21609"}],"version-history":[{"count":2,"href":"https:\/\/blogdorogeriogomes.com.br\/noticias\/wp-json\/wp\/v2\/posts\/21609\/revisions"}],"predecessor-version":[{"id":21629,"href":"https:\/\/blogdorogeriogomes.com.br\/noticias\/wp-json\/wp\/v2\/posts\/21609\/revisions\/21629"}],"wp:featuredmedia":[{"embeddable":true,"href":"https:\/\/blogdorogeriogomes.com.br\/noticias\/wp-json\/wp\/v2\/media\/21610"}],"wp:attachment":[{"href":"https:\/\/blogdorogeriogomes.com.br\/noticias\/wp-json\/wp\/v2\/media?parent=21609"}],"wp:term":[{"taxonomy":"category","embeddable":true,"href":"https:\/\/blogdorogeriogomes.com.br\/noticias\/wp-json\/wp\/v2\/categories?post=21609"},{"taxonomy":"post_tag","embeddable":true,"href":"https:\/\/blogdorogeriogomes.com.br\/noticias\/wp-json\/wp\/v2\/tags?post=21609"}],"curies":[{"name":"wp","href":"https:\/\/api.w.org\/{rel}","templated":true}]}}