{"id":21612,"date":"2021-06-14T10:19:14","date_gmt":"2021-06-14T10:19:14","guid":{"rendered":"https:\/\/blogdorogeriogomes.com.br\/?p=21612"},"modified":"2021-06-15T00:39:38","modified_gmt":"2021-06-15T00:39:38","slug":"fortaleza-inicia-mutirao-de-cadastramento-para-vacina-contra-a-covid-19-nesta-segunda-feira","status":"publish","type":"post","link":"https:\/\/blogdorogeriogomes.com.br\/noticias\/2021\/06\/fortaleza-inicia-mutirao-de-cadastramento-para-vacina-contra-a-covid-19-nesta-segunda-feira\/","title":{"rendered":"Fortaleza inicia mutir\u00e3o de cadastramento para vacina contra a Covid-19 nesta segunda-feira"},"content":{"rendered":"\n<p>A Prefeitura de Fortaleza inicia nesta segunda-feira, dia 14 de junho, um mutir\u00e3o de cadastramento de pessoas que buscam se vacinar contra a Covid-19. Para ter acesso \u00e0 vacina \u00e9 obrigat\u00f3rio estar cadastrado no aplicativo Sa\u00fade Digital. A a\u00e7\u00e3o tem o objetivo de cadastrar pelo menos 500 mil pessoas em Fortaleza.<\/p>\n\n\n\n<p>Quem tiver dificuldade para realizar o cadastro por ter problemas com internet, por exemplo, ou n\u00e3o sabe como fazer, pode procurar os pontos de vacina\u00e7\u00e3o para buscar orienta\u00e7\u00e3o. <\/p>\n\n\n\n<p>A vacina\u00e7\u00e3o em Fortaleza avan\u00e7a nas faixas et\u00e1rias. Esta semana, pessoas com 40 anos j\u00e1 est\u00e3o agendadas para receber o imunizante.<\/p>\n\n\n\n<p>O Cear\u00e1 recebe cerca de 120 mil doses da vacina Janssen, nesta segunda-feira. O imunizante, que \u00e9 aplicado em apenas uma dose, ser\u00e1 destinado a pessoas na faixa et\u00e1ria entre 30 e 44 anos em todos os munic\u00edpios cearenses.<\/p>\n\n\n\n<figure class=\"wp-block-image size-large\"><img loading=\"lazy\" decoding=\"async\" width=\"1024\" height=\"683\" src=\"https:\/\/blogdorogeriogomes.com.br\/wp-content\/uploads\/2021\/06\/VACINACAO1-1024x683-1.jpg\" alt=\"\" class=\"wp-image-21613\" srcset=\"https:\/\/blogdorogeriogomes.com.br\/noticias\/wp-content\/uploads\/2021\/06\/VACINACAO1-1024x683-1.jpg 1024w, https:\/\/blogdorogeriogomes.com.br\/noticias\/wp-content\/uploads\/2021\/06\/VACINACAO1-1024x683-1-300x200.jpg 300w, https:\/\/blogdorogeriogomes.com.br\/noticias\/wp-content\/uploads\/2021\/06\/VACINACAO1-1024x683-1-768x512.jpg 768w, https:\/\/blogdorogeriogomes.com.br\/noticias\/wp-content\/uploads\/2021\/06\/VACINACAO1-1024x683-1-800x534.jpg 800w\" sizes=\"auto, (max-width: 1024px) 100vw, 1024px\" \/><\/figure>\n","protected":false},"excerpt":{"rendered":"<p>A Prefeitura de Fortaleza inicia nesta segunda-feira, dia 14 de junho, um mutir\u00e3o de cadastramento de pessoas que buscam se vacinar contra a Covid-19. Para ter acesso \u00e0 vacina \u00e9 obrigat\u00f3rio estar cadastrado no aplicativo Sa\u00fade Digital. A a\u00e7\u00e3o tem o objetivo de cadastrar pelo menos 500 mil pessoas em Fortaleza. Quem tiver dificuldade para realizar o cadastro por ter problemas com internet, por exemplo, ou n\u00e3o sabe como fazer, pode procurar os pontos de vacina\u00e7\u00e3o para buscar orienta\u00e7\u00e3o.&hellip;<\/p>\n","protected":false},"author":1,"featured_media":21613,"comment_status":"open","ping_status":"open","sticky":false,"template":"","format":"standard","meta":{"footnotes":""},"categories":[1],"tags":[],"class_list":["post-21612","post","type-post","status-publish","format-standard","has-post-thumbnail","hentry","category-noticias"],"_links":{"self":[{"href":"https:\/\/blogdorogeriogomes.com.br\/noticias\/wp-json\/wp\/v2\/posts\/21612","targetHints":{"allow":["GET"]}}],"collection":[{"href":"https:\/\/blogdorogeriogomes.com.br\/noticias\/wp-json\/wp\/v2\/posts"}],"about":[{"href":"https:\/\/blogdorogeriogomes.com.br\/noticias\/wp-json\/wp\/v2\/types\/post"}],"author":[{"embeddable":true,"href":"https:\/\/blogdorogeriogomes.com.br\/noticias\/wp-json\/wp\/v2\/users\/1"}],"replies":[{"embeddable":true,"href":"https:\/\/blogdorogeriogomes.com.br\/noticias\/wp-json\/wp\/v2\/comments?post=21612"}],"version-history":[{"count":1,"href":"https:\/\/blogdorogeriogomes.com.br\/noticias\/wp-json\/wp\/v2\/posts\/21612\/revisions"}],"predecessor-version":[{"id":21614,"href":"https:\/\/blogdorogeriogomes.com.br\/noticias\/wp-json\/wp\/v2\/posts\/21612\/revisions\/21614"}],"wp:featuredmedia":[{"embeddable":true,"href":"https:\/\/blogdorogeriogomes.com.br\/noticias\/wp-json\/wp\/v2\/media\/21613"}],"wp:attachment":[{"href":"https:\/\/blogdorogeriogomes.com.br\/noticias\/wp-json\/wp\/v2\/media?parent=21612"}],"wp:term":[{"taxonomy":"category","embeddable":true,"href":"https:\/\/blogdorogeriogomes.com.br\/noticias\/wp-json\/wp\/v2\/categories?post=21612"},{"taxonomy":"post_tag","embeddable":true,"href":"https:\/\/blogdorogeriogomes.com.br\/noticias\/wp-json\/wp\/v2\/tags?post=21612"}],"curies":[{"name":"wp","href":"https:\/\/api.w.org\/{rel}","templated":true}]}}