{"id":21619,"date":"2021-06-14T17:26:44","date_gmt":"2021-06-14T17:26:44","guid":{"rendered":"https:\/\/blogdorogeriogomes.com.br\/?p=21619"},"modified":"2021-06-15T00:38:57","modified_gmt":"2021-06-15T00:38:57","slug":"janssen-adia-envio-de-3-milhoes-doses-da-vacina-contra-covid-19-para-o-brasil","status":"publish","type":"post","link":"https:\/\/blogdorogeriogomes.com.br\/noticias\/2021\/06\/janssen-adia-envio-de-3-milhoes-doses-da-vacina-contra-covid-19-para-o-brasil\/","title":{"rendered":"Janssen adia envio de 3 milh\u00f5es doses da vacina contra Covid-19 para o Brasil"},"content":{"rendered":"\n<p>A entrega de 3 milh\u00f5es de doses da vacina contra Covid-19 da Janssen para o Brasil n\u00e3o ocorrer\u00e1 mais nesta ter\u00e7a-feira, dia 15 de junho. A informa\u00e7\u00e3o foi confirmada pelo Minist\u00e9rio da Sa\u00fade, que prev\u00ea nova data de recebimento dos imunizantes ainda para esta semana. No entanto, ainda n\u00e3o h\u00e1 sinaliza\u00e7\u00e3o da farmac\u00eautica sobre a disponibiliza\u00e7\u00e3o do lote. A empresa n\u00e3o confirmou o motivo da suspens\u00e3o.<\/p>\n\n\n\n<p>A vacina da Janssen, da Johnson &amp; Johnson \u00e9 aguardada pelas capitais do Pa\u00eds como pe\u00e7a fundamental na acelera\u00e7\u00e3o do plano nacional de imuniza\u00e7\u00e3o. As doses que estavam programadas para chegar neste in\u00edcio de semana t\u00eam o prazo de validade at\u00e9 27 de junho. Por isso, seriam intensificados os dias de vacina\u00e7\u00e3o de adultos e jovens nos pr\u00f3ximos meses. A Janssen \u00e9 aplicada em dose \u00fanica.<\/p>\n\n\n\n<p>Com efic\u00e1cia de 85%, os insumos podem ter o prazo de validade aumentado de 12 para 18 semanas caso seja seguido protocolo posto em pr\u00e1tica nos Estados Unidos e com o acompanhamento t\u00e9cnico da Ag\u00eancia Nacional de Vigil\u00e2ncia Sanit\u00e1ria, funcionando assim at\u00e9 o dia 8 de agosto.<\/p>\n\n\n\n<figure class=\"wp-block-image size-large\"><img loading=\"lazy\" decoding=\"async\" width=\"275\" height=\"183\" src=\"https:\/\/blogdorogeriogomes.com.br\/wp-content\/uploads\/2021\/06\/images-43.jpeg\" alt=\"\" class=\"wp-image-21620\"\/><\/figure>\n","protected":false},"excerpt":{"rendered":"<p>A entrega de 3 milh\u00f5es de doses da vacina contra Covid-19 da Janssen para o Brasil n\u00e3o ocorrer\u00e1 mais nesta ter\u00e7a-feira, dia 15 de junho. A informa\u00e7\u00e3o foi confirmada pelo Minist\u00e9rio da Sa\u00fade, que prev\u00ea nova data de recebimento dos imunizantes ainda para esta semana. No entanto, ainda n\u00e3o h\u00e1 sinaliza\u00e7\u00e3o da farmac\u00eautica sobre a disponibiliza\u00e7\u00e3o do lote. A empresa n\u00e3o confirmou o motivo da suspens\u00e3o. A vacina da Janssen, da Johnson &amp; Johnson \u00e9 aguardada pelas capitais do&hellip;<\/p>\n","protected":false},"author":1,"featured_media":21620,"comment_status":"open","ping_status":"open","sticky":false,"template":"","format":"standard","meta":{"footnotes":""},"categories":[1],"tags":[],"class_list":["post-21619","post","type-post","status-publish","format-standard","has-post-thumbnail","hentry","category-noticias"],"_links":{"self":[{"href":"https:\/\/blogdorogeriogomes.com.br\/noticias\/wp-json\/wp\/v2\/posts\/21619","targetHints":{"allow":["GET"]}}],"collection":[{"href":"https:\/\/blogdorogeriogomes.com.br\/noticias\/wp-json\/wp\/v2\/posts"}],"about":[{"href":"https:\/\/blogdorogeriogomes.com.br\/noticias\/wp-json\/wp\/v2\/types\/post"}],"author":[{"embeddable":true,"href":"https:\/\/blogdorogeriogomes.com.br\/noticias\/wp-json\/wp\/v2\/users\/1"}],"replies":[{"embeddable":true,"href":"https:\/\/blogdorogeriogomes.com.br\/noticias\/wp-json\/wp\/v2\/comments?post=21619"}],"version-history":[{"count":1,"href":"https:\/\/blogdorogeriogomes.com.br\/noticias\/wp-json\/wp\/v2\/posts\/21619\/revisions"}],"predecessor-version":[{"id":21621,"href":"https:\/\/blogdorogeriogomes.com.br\/noticias\/wp-json\/wp\/v2\/posts\/21619\/revisions\/21621"}],"wp:featuredmedia":[{"embeddable":true,"href":"https:\/\/blogdorogeriogomes.com.br\/noticias\/wp-json\/wp\/v2\/media\/21620"}],"wp:attachment":[{"href":"https:\/\/blogdorogeriogomes.com.br\/noticias\/wp-json\/wp\/v2\/media?parent=21619"}],"wp:term":[{"taxonomy":"category","embeddable":true,"href":"https:\/\/blogdorogeriogomes.com.br\/noticias\/wp-json\/wp\/v2\/categories?post=21619"},{"taxonomy":"post_tag","embeddable":true,"href":"https:\/\/blogdorogeriogomes.com.br\/noticias\/wp-json\/wp\/v2\/tags?post=21619"}],"curies":[{"name":"wp","href":"https:\/\/api.w.org\/{rel}","templated":true}]}}