{"id":21638,"date":"2021-06-15T18:47:49","date_gmt":"2021-06-15T18:47:49","guid":{"rendered":"https:\/\/blogdorogeriogomes.com.br\/?p=21638"},"modified":"2021-06-16T12:15:39","modified_gmt":"2021-06-16T12:15:39","slug":"camilo-santana-cogita-candidatura-ao-senado-e-defende-uniao-de-lula-com-ciro-para-2022","status":"publish","type":"post","link":"https:\/\/blogdorogeriogomes.com.br\/noticias\/2021\/06\/camilo-santana-cogita-candidatura-ao-senado-e-defende-uniao-de-lula-com-ciro-para-2022\/","title":{"rendered":"Camilo Santana cogita candidatura ao Senado e defende uni\u00e3o de Lula com Ciro para 2022"},"content":{"rendered":"\n<p>O governador Camilo Santana (PT) afirmou, em entrevista ao site UOL nesta ter\u00e7a-feira, dia 15 de junho, que pode se candidatar ao Senado Federal em 2022, e tamb\u00e9m defendeu a uni\u00e3o entre Lula (PT) e Ciro Gomes (PDT) na disputa presidencial como urgente para &#8220;tirar o Brasil de um caminho obscuro&#8221;.<\/p>\n\n\n\n<p>O governador diz que busca articular um caminho em que os dois presidenci\u00e1veis possam caminhar juntos no ano que vem. &#8220;Eu provoquei um encontro de Ciro e Lula em setembro do ano passado. Fazia anos que eles n\u00e3o se encontravam. Acredito que eles t\u00eam muito mais converg\u00eancias do que diverg\u00eancias&#8221;.<\/p>\n\n\n\n<p>Nome com maior aprova\u00e7\u00e3o e menor rejei\u00e7\u00e3o no Cear\u00e1, Camilo Santana disse ainda que &#8220;muitas vezes&#8221; n\u00e3o concorda com Ciro, teceu elogios ao perfil distinto dele e de Lula e garantiu que ir\u00e1 persistir na constru\u00e7\u00e3o de um caminho poss\u00edvel entre os dois. &#8220;Eu posso at\u00e9 ser pessoa que est\u00e1 sonhando, mas continuo acreditando que \u00e9 poss\u00edvel&#8221;.<\/p>\n\n\n\n<p>Sobre a possibilidade de se candidatar a senador, Camilo confirmou que existe a possibilidade, pontuando que &#8220;h\u00e1 perspectiva nesse sentido&#8221;. &#8220;Se for importante para o Cear\u00e1, vamos avaliar&#8221;.<\/p>\n\n\n\n<p>Na mesma entrevista, o chefe executivo cearense fez duras cr\u00edticas &#8220;contra a falta de lideran\u00e7a&#8221; do presidente Jair Bolsonaro (sem partido), principalmente diante da gravidade do cen\u00e1rio de pandemia no Pa\u00eds.<\/p>\n\n\n\n<figure class=\"wp-block-image size-large\"><img loading=\"lazy\" decoding=\"async\" width=\"678\" height=\"452\" src=\"https:\/\/blogdorogeriogomes.com.br\/wp-content\/uploads\/2021\/06\/images-46.jpeg\" alt=\"\" class=\"wp-image-21639\" srcset=\"https:\/\/blogdorogeriogomes.com.br\/noticias\/wp-content\/uploads\/2021\/06\/images-46.jpeg 678w, https:\/\/blogdorogeriogomes.com.br\/noticias\/wp-content\/uploads\/2021\/06\/images-46-300x200.jpeg 300w\" sizes=\"auto, (max-width: 678px) 100vw, 678px\" \/><\/figure>\n","protected":false},"excerpt":{"rendered":"<p>O governador Camilo Santana (PT) afirmou, em entrevista ao site UOL nesta ter\u00e7a-feira, dia 15 de junho, que pode se candidatar ao Senado Federal em 2022, e tamb\u00e9m defendeu a uni\u00e3o entre Lula (PT) e Ciro Gomes (PDT) na disputa presidencial como urgente para &#8220;tirar o Brasil de um caminho obscuro&#8221;. O governador diz que busca articular um caminho em que os dois presidenci\u00e1veis possam caminhar juntos no ano que vem. &#8220;Eu provoquei um encontro de Ciro e Lula&hellip;<\/p>\n","protected":false},"author":1,"featured_media":21639,"comment_status":"open","ping_status":"open","sticky":false,"template":"","format":"standard","meta":{"footnotes":""},"categories":[1],"tags":[],"class_list":["post-21638","post","type-post","status-publish","format-standard","has-post-thumbnail","hentry","category-noticias"],"_links":{"self":[{"href":"https:\/\/blogdorogeriogomes.com.br\/noticias\/wp-json\/wp\/v2\/posts\/21638","targetHints":{"allow":["GET"]}}],"collection":[{"href":"https:\/\/blogdorogeriogomes.com.br\/noticias\/wp-json\/wp\/v2\/posts"}],"about":[{"href":"https:\/\/blogdorogeriogomes.com.br\/noticias\/wp-json\/wp\/v2\/types\/post"}],"author":[{"embeddable":true,"href":"https:\/\/blogdorogeriogomes.com.br\/noticias\/wp-json\/wp\/v2\/users\/1"}],"replies":[{"embeddable":true,"href":"https:\/\/blogdorogeriogomes.com.br\/noticias\/wp-json\/wp\/v2\/comments?post=21638"}],"version-history":[{"count":1,"href":"https:\/\/blogdorogeriogomes.com.br\/noticias\/wp-json\/wp\/v2\/posts\/21638\/revisions"}],"predecessor-version":[{"id":21640,"href":"https:\/\/blogdorogeriogomes.com.br\/noticias\/wp-json\/wp\/v2\/posts\/21638\/revisions\/21640"}],"wp:featuredmedia":[{"embeddable":true,"href":"https:\/\/blogdorogeriogomes.com.br\/noticias\/wp-json\/wp\/v2\/media\/21639"}],"wp:attachment":[{"href":"https:\/\/blogdorogeriogomes.com.br\/noticias\/wp-json\/wp\/v2\/media?parent=21638"}],"wp:term":[{"taxonomy":"category","embeddable":true,"href":"https:\/\/blogdorogeriogomes.com.br\/noticias\/wp-json\/wp\/v2\/categories?post=21638"},{"taxonomy":"post_tag","embeddable":true,"href":"https:\/\/blogdorogeriogomes.com.br\/noticias\/wp-json\/wp\/v2\/tags?post=21638"}],"curies":[{"name":"wp","href":"https:\/\/api.w.org\/{rel}","templated":true}]}}