{"id":21641,"date":"2021-06-15T19:10:37","date_gmt":"2021-06-15T19:10:37","guid":{"rendered":"https:\/\/blogdorogeriogomes.com.br\/?p=21641"},"modified":"2021-06-16T12:15:27","modified_gmt":"2021-06-16T12:15:27","slug":"ex-secretario-de-saude-do-amazonas-responsabiliza-cearense-mayra-pinheiro-por-recomendacao-de-cloroquina-em-manaus","status":"publish","type":"post","link":"https:\/\/blogdorogeriogomes.com.br\/noticias\/2021\/06\/ex-secretario-de-saude-do-amazonas-responsabiliza-cearense-mayra-pinheiro-por-recomendacao-de-cloroquina-em-manaus\/","title":{"rendered":"Ex-secret\u00e1rio de Sa\u00fade do Amazonas responsabiliza cearense Mayra Pinheiro por recomenda\u00e7\u00e3o de cloroquina em Manaus"},"content":{"rendered":"\n<p>Em depoimento nesta ter\u00e7a-feira, dia 15 de junho, \u00e0 CPI da Covid, no Senado Federal, o ex-secret\u00e1rio de Sa\u00fade do Amazonas, Marcellus Camp\u00ealo, afirmou que a secret\u00e1ria do Minist\u00e9rio da Sa\u00fade, Mayra Pinheiro, foi respons\u00e1vel por uma defesa com &#8220;\u00eanfase&#8221; do tratamento precoce contra o coronav\u00edrus envolvendo uso de cloroquina e outros medicamentos sem efic\u00e1cia comprovada. Camp\u00ealo confirmou que a visita da m\u00e9dica cearense \u00e0 Manaus ocorreu dias antes do colapso da cidade.<\/p>\n\n\n\n<p>&#8220;No dia 4 de janeiro, recebemos a Dra. Mayra Pinheiro, na primeira reuni\u00e3o pela manh\u00e3, 8 horas, no audit\u00f3rio do Hospital Delphina Aziz, onde foi convocada, e vimos uma \u00eanfase dela em rela\u00e7\u00e3o ao tratamento precoce&#8221;, afirmou.<\/p>\n\n\n\n<p>A fala do ex-secret\u00e1rio contradiz a vers\u00e3o que Mayra apresentou quando esteve na CPI. Aos senadores, a m\u00e9dica informou que o Minist\u00e9rio da Sa\u00fade jamais havia recomendado tratamentos para a Covid-19 com o uso de medicamentos, e que apenas defendeu a autonomia de m\u00e9dicos para prescrev\u00ea-los caso a caso.<\/p>\n\n\n\n<p>A senadora amazonense Eliziane Gama (Cidadania) apresentou informa\u00e7\u00f5es sobre o envio de 120 mil comprimidos de hidroxocloroquina ao Amazonas por determina\u00e7\u00e3o de Mayra Pinheiro. Segundo Camp\u00ealo, o estado estava com &#8220;estoque zerado&#8221; e confirmou que o lote era sim para &#8220;tratamento da Covid&#8221;. &#8220;Isso \u00e9 ato m\u00e9dico, que cada um faz de acordo com a sua opini\u00e3o&#8221;, disse o ex-titular da Sa\u00fade.<\/p>\n\n\n\n<p>No entanto, n\u00e3o se trata de opini\u00e3o. Conforme apontam pesquisas e autoridades de sa\u00fade em todo o mundo, o uso de cloroquina e hidroxocloroquina n\u00e3o apresenta nenhuma efic\u00e1cia no tratamento da Covid-19. Pelo contr\u00e1rio, \u00e9 poss\u00edvel que cause rea\u00e7\u00f5es adversas na popula\u00e7\u00e3o pelo uso indevido. Com o tratamento precoce em curso, defendido pelo presidente Jair Bolsonaro, o Amazonas viveu dias de calamidade na sa\u00fade p\u00fablica, com alta de casos da doen\u00e7a, falta de leitos de UTI e tamb\u00e9m de oxig\u00eanio hospitalar.<\/p>\n\n\n\n<figure class=\"wp-block-image size-large\"><img loading=\"lazy\" decoding=\"async\" width=\"640\" height=\"427\" src=\"https:\/\/blogdorogeriogomes.com.br\/wp-content\/uploads\/2021\/06\/images-47.jpeg\" alt=\"\" class=\"wp-image-21642\" srcset=\"https:\/\/blogdorogeriogomes.com.br\/noticias\/wp-content\/uploads\/2021\/06\/images-47.jpeg 640w, https:\/\/blogdorogeriogomes.com.br\/noticias\/wp-content\/uploads\/2021\/06\/images-47-300x200.jpeg 300w\" sizes=\"auto, (max-width: 640px) 100vw, 640px\" \/><\/figure>\n","protected":false},"excerpt":{"rendered":"<p>Em depoimento nesta ter\u00e7a-feira, dia 15 de junho, \u00e0 CPI da Covid, no Senado Federal, o ex-secret\u00e1rio de Sa\u00fade do Amazonas, Marcellus Camp\u00ealo, afirmou que a secret\u00e1ria do Minist\u00e9rio da Sa\u00fade, Mayra Pinheiro, foi respons\u00e1vel por uma defesa com &#8220;\u00eanfase&#8221; do tratamento precoce contra o coronav\u00edrus envolvendo uso de cloroquina e outros medicamentos sem efic\u00e1cia comprovada. Camp\u00ealo confirmou que a visita da m\u00e9dica cearense \u00e0 Manaus ocorreu dias antes do colapso da cidade. &#8220;No dia 4 de janeiro, recebemos&hellip;<\/p>\n","protected":false},"author":1,"featured_media":21642,"comment_status":"open","ping_status":"open","sticky":false,"template":"","format":"standard","meta":{"footnotes":""},"categories":[1],"tags":[],"class_list":["post-21641","post","type-post","status-publish","format-standard","has-post-thumbnail","hentry","category-noticias"],"_links":{"self":[{"href":"https:\/\/blogdorogeriogomes.com.br\/noticias\/wp-json\/wp\/v2\/posts\/21641","targetHints":{"allow":["GET"]}}],"collection":[{"href":"https:\/\/blogdorogeriogomes.com.br\/noticias\/wp-json\/wp\/v2\/posts"}],"about":[{"href":"https:\/\/blogdorogeriogomes.com.br\/noticias\/wp-json\/wp\/v2\/types\/post"}],"author":[{"embeddable":true,"href":"https:\/\/blogdorogeriogomes.com.br\/noticias\/wp-json\/wp\/v2\/users\/1"}],"replies":[{"embeddable":true,"href":"https:\/\/blogdorogeriogomes.com.br\/noticias\/wp-json\/wp\/v2\/comments?post=21641"}],"version-history":[{"count":1,"href":"https:\/\/blogdorogeriogomes.com.br\/noticias\/wp-json\/wp\/v2\/posts\/21641\/revisions"}],"predecessor-version":[{"id":21643,"href":"https:\/\/blogdorogeriogomes.com.br\/noticias\/wp-json\/wp\/v2\/posts\/21641\/revisions\/21643"}],"wp:featuredmedia":[{"embeddable":true,"href":"https:\/\/blogdorogeriogomes.com.br\/noticias\/wp-json\/wp\/v2\/media\/21642"}],"wp:attachment":[{"href":"https:\/\/blogdorogeriogomes.com.br\/noticias\/wp-json\/wp\/v2\/media?parent=21641"}],"wp:term":[{"taxonomy":"category","embeddable":true,"href":"https:\/\/blogdorogeriogomes.com.br\/noticias\/wp-json\/wp\/v2\/categories?post=21641"},{"taxonomy":"post_tag","embeddable":true,"href":"https:\/\/blogdorogeriogomes.com.br\/noticias\/wp-json\/wp\/v2\/tags?post=21641"}],"curies":[{"name":"wp","href":"https:\/\/api.w.org\/{rel}","templated":true}]}}