{"id":21648,"date":"2021-06-16T10:33:10","date_gmt":"2021-06-16T10:33:10","guid":{"rendered":"https:\/\/blogdorogeriogomes.com.br\/?p=21648"},"modified":"2021-06-16T12:15:05","modified_gmt":"2021-06-16T12:15:05","slug":"aeroportos-do-ceara-ganham-novos-voos-para-alta-temporada-de-julho","status":"publish","type":"post","link":"https:\/\/blogdorogeriogomes.com.br\/noticias\/2021\/06\/aeroportos-do-ceara-ganham-novos-voos-para-alta-temporada-de-julho\/","title":{"rendered":"Aeroportos do Cear\u00e1 ganham novos voos para alta temporada de julho"},"content":{"rendered":"\n<p>Com o objetivo de incrementar o turismo, a Azul Linhas A\u00e9reas vai ampliar voos a partir de aeroportos do Cear\u00e1. O aeroporto de Aracati, no Cear\u00e1, vai voltar a receber voos durante o m\u00eas de julho, assim como Jericoacoara e Juazeiro do Norte v\u00e3o passar a ter mais frequ\u00eancias. Fortaleza tamb\u00e9m ter\u00e1 a amplia\u00e7\u00e3o de voos, com retomada de frequ\u00eancia para Bel\u00e9m, no Par\u00e1, e refor\u00e7o nas rotas para Campinas (SP), Belo Horizonte (MG) e Recife (PE), chegando a 70 frequ\u00eancias por semana.<\/p>\n\n\n\n<p>O aeroporto de Aracati ter\u00e1 tr\u00eas voos semanais com destino a Recife. O aeroporto de Jericoacoara, que fica no munic\u00edpio de Cruz, vai contar com voos di\u00e1rios para Belo Horizonte. J\u00e1 Juazeiro do Norte ter\u00e1 15 liga\u00e7\u00f5es semanais com Recife, Campinas e Guarulhos (SP).<\/p>\n\n\n\n<p>A Azul Linhas A\u00e9reas quer operar 50 novas rotas para atender os clientes que quiserem viajar pelo pa\u00eds durante a alta temporada de julho, com a flexibiliza\u00e7\u00e3o de circula\u00e7\u00e3o no pa\u00eds e o refor\u00e7o nos protocolos sanit\u00e1rios em destinos brasileiros.<\/p>\n\n\n\n<figure class=\"wp-block-image size-large\"><img loading=\"lazy\" decoding=\"async\" width=\"984\" height=\"591\" src=\"https:\/\/blogdorogeriogomes.com.br\/wp-content\/uploads\/2021\/06\/azul.jpeg\" alt=\"\" class=\"wp-image-21649\" srcset=\"https:\/\/blogdorogeriogomes.com.br\/noticias\/wp-content\/uploads\/2021\/06\/azul.jpeg 984w, https:\/\/blogdorogeriogomes.com.br\/noticias\/wp-content\/uploads\/2021\/06\/azul-300x180.jpeg 300w, https:\/\/blogdorogeriogomes.com.br\/noticias\/wp-content\/uploads\/2021\/06\/azul-768x461.jpeg 768w, https:\/\/blogdorogeriogomes.com.br\/noticias\/wp-content\/uploads\/2021\/06\/azul-800x480.jpeg 800w\" sizes=\"auto, (max-width: 984px) 100vw, 984px\" \/><\/figure>\n","protected":false},"excerpt":{"rendered":"<p>Com o objetivo de incrementar o turismo, a Azul Linhas A\u00e9reas vai ampliar voos a partir de aeroportos do Cear\u00e1. O aeroporto de Aracati, no Cear\u00e1, vai voltar a receber voos durante o m\u00eas de julho, assim como Jericoacoara e Juazeiro do Norte v\u00e3o passar a ter mais frequ\u00eancias. Fortaleza tamb\u00e9m ter\u00e1 a amplia\u00e7\u00e3o de voos, com retomada de frequ\u00eancia para Bel\u00e9m, no Par\u00e1, e refor\u00e7o nas rotas para Campinas (SP), Belo Horizonte (MG) e Recife (PE), chegando a&hellip;<\/p>\n","protected":false},"author":1,"featured_media":21649,"comment_status":"open","ping_status":"open","sticky":false,"template":"","format":"standard","meta":{"footnotes":""},"categories":[1],"tags":[],"class_list":["post-21648","post","type-post","status-publish","format-standard","has-post-thumbnail","hentry","category-noticias"],"_links":{"self":[{"href":"https:\/\/blogdorogeriogomes.com.br\/noticias\/wp-json\/wp\/v2\/posts\/21648","targetHints":{"allow":["GET"]}}],"collection":[{"href":"https:\/\/blogdorogeriogomes.com.br\/noticias\/wp-json\/wp\/v2\/posts"}],"about":[{"href":"https:\/\/blogdorogeriogomes.com.br\/noticias\/wp-json\/wp\/v2\/types\/post"}],"author":[{"embeddable":true,"href":"https:\/\/blogdorogeriogomes.com.br\/noticias\/wp-json\/wp\/v2\/users\/1"}],"replies":[{"embeddable":true,"href":"https:\/\/blogdorogeriogomes.com.br\/noticias\/wp-json\/wp\/v2\/comments?post=21648"}],"version-history":[{"count":1,"href":"https:\/\/blogdorogeriogomes.com.br\/noticias\/wp-json\/wp\/v2\/posts\/21648\/revisions"}],"predecessor-version":[{"id":21650,"href":"https:\/\/blogdorogeriogomes.com.br\/noticias\/wp-json\/wp\/v2\/posts\/21648\/revisions\/21650"}],"wp:featuredmedia":[{"embeddable":true,"href":"https:\/\/blogdorogeriogomes.com.br\/noticias\/wp-json\/wp\/v2\/media\/21649"}],"wp:attachment":[{"href":"https:\/\/blogdorogeriogomes.com.br\/noticias\/wp-json\/wp\/v2\/media?parent=21648"}],"wp:term":[{"taxonomy":"category","embeddable":true,"href":"https:\/\/blogdorogeriogomes.com.br\/noticias\/wp-json\/wp\/v2\/categories?post=21648"},{"taxonomy":"post_tag","embeddable":true,"href":"https:\/\/blogdorogeriogomes.com.br\/noticias\/wp-json\/wp\/v2\/tags?post=21648"}],"curies":[{"name":"wp","href":"https:\/\/api.w.org\/{rel}","templated":true}]}}