{"id":21654,"date":"2021-06-16T18:51:45","date_gmt":"2021-06-16T18:51:45","guid":{"rendered":"https:\/\/blogdorogeriogomes.com.br\/?p=21654"},"modified":"2021-06-17T14:49:23","modified_gmt":"2021-06-17T14:49:23","slug":"cpi-da-covid-witzel-afirma-que-bolsonaro-usa-pandemia-para-tentar-fragilizar-governadores","status":"publish","type":"post","link":"https:\/\/blogdorogeriogomes.com.br\/noticias\/2021\/06\/cpi-da-covid-witzel-afirma-que-bolsonaro-usa-pandemia-para-tentar-fragilizar-governadores\/","title":{"rendered":"CPI da Covid: Witzel afirma que Bolsonaro usa pandemia para tentar fragilizar governadores"},"content":{"rendered":"\n<p>Em depoimento \u00e0 CPI da Covid, nesta quarta-feira, dia 16 de junho, o ex-governador do Rio de Janeiro, Wilson Witzel, acusou o presidente Jair Bolsonaro de ser negacionista, respons\u00e1vel pelas mortes por Covid-19 no Brasil, e politizar a pandemia com o objetivo de us\u00e1-la para colocar os governadores de todo o pa\u00eds &#8220;em situa\u00e7\u00e3o fragilizada&#8221;.<\/p>\n\n\n\n<p>&#8220;O presidente deixou os governadores \u00e0 merc\u00ea da desgra\u00e7a que viria. O \u00fanico respons\u00e1vel pelos [mais de] 400 mil mortes que tem a\u00ed tem nome, endere\u00e7o e tem que ser responsabilizado. Os governadores, prefeitos, ficaram totalmente desamparados do apoio do governo federal. \u00c9 uma realidade que est\u00e1 documentada&#8221;, disse o ex-bolsonarista, que sofreu impeachment ap\u00f3s tornar-se r\u00e9u em processo que apura desvios de recursos na \u00e1rea da Sa\u00fade durante a sua gest\u00e3o no executivo estadual.<\/p>\n\n\n\n<p>Segundo o ex-governador, a &#8220;m\u00e1fia da sa\u00fade&#8221; no Rio de Janeiro e o impeachment t\u00eam por tr\u00e1s a atua\u00e7\u00e3o de mil\u00edcia. Witzel contou que sua deposi\u00e7\u00e3o foi financiada por Organiza\u00e7\u00f5es Sociais sob investiga\u00e7\u00e3o no Rio. &#8220;Eu corro risco de vida. Eu tenho certeza. Porque (sic) a m\u00e1fia da sa\u00fade no Rio de Janeiro e quem est\u00e1 envolvido por tr\u00e1s dela. E eu tenho certeza de que tem miliciano envolvido por tr\u00e1s disso, eu corro risco de vida e a minha fam\u00edlia&#8221;, dep\u00f4s.<\/p>\n\n\n\n<p>Witzel apontou, ainda, que Bolsonaro passou a persegui-lo ap\u00f3s a Pol\u00edcia Civil do Rio de Janeiro ter avan\u00e7\u00e7ado nas investiga\u00e7\u00f5es dos assassinatos da vereadora Marielle Franco (Psol) e de seu motorista, Anderson Gomes, ocorridos em 2018.<\/p>\n\n\n\n<p>O depoimento foi marcado por tens\u00f5es, especialmente envolvendo o senador Fl\u00e1vio Bolsonaro (Patriota), filho mais velho do presidente e acusado de chefiar organiza\u00e7\u00e3o criminosa no caso das &#8220;rachadinhas&#8221;. Fl\u00e1vio tentou desestabilizar a fala de Witzel acusando-o de fazer da CPI &#8220;um palanque pol\u00edtico&#8221;. Witzel respondeu ao parlamentar com &#8220;n\u00e3o sou seu porteiro, o senhor n\u00e3o vai me intimidar&#8221;.<\/p>\n\n\n\n<p>Ap\u00f3s quatro horas de depoimento, Witzel utilizou-se do habeas corpus do ministro do STF, Nunes Marques, para deixar a comiss\u00e3o mais cedo, encerrando assim a sess\u00e3o. O ex-governador dever\u00e1 participar depois de uma reuni\u00e3o fechada com os integrantes da CPI.<\/p>\n\n\n\n<p>Ainda nesta quarta-feira, os senadores aprovaram a quebra dos sigilos telef\u00f4nico e banc\u00e1rio do empres\u00e1rio Carlos Wizard, integrante do suposto &#8220;gabinete paralelo&#8221; que teria assessorado Bolsonaro na gest\u00e3o da crise da pandemia.<\/p>\n\n\n\n<figure class=\"wp-block-image size-large\"><img loading=\"lazy\" decoding=\"async\" width=\"600\" height=\"400\" src=\"https:\/\/blogdorogeriogomes.com.br\/wp-content\/uploads\/2021\/06\/images-49.jpeg\" alt=\"\" class=\"wp-image-21655\" srcset=\"https:\/\/blogdorogeriogomes.com.br\/noticias\/wp-content\/uploads\/2021\/06\/images-49.jpeg 600w, https:\/\/blogdorogeriogomes.com.br\/noticias\/wp-content\/uploads\/2021\/06\/images-49-300x200.jpeg 300w\" sizes=\"auto, (max-width: 600px) 100vw, 600px\" \/><\/figure>\n","protected":false},"excerpt":{"rendered":"<p>Em depoimento \u00e0 CPI da Covid, nesta quarta-feira, dia 16 de junho, o ex-governador do Rio de Janeiro, Wilson Witzel, acusou o presidente Jair Bolsonaro de ser negacionista, respons\u00e1vel pelas mortes por Covid-19 no Brasil, e politizar a pandemia com o objetivo de us\u00e1-la para colocar os governadores de todo o pa\u00eds &#8220;em situa\u00e7\u00e3o fragilizada&#8221;. &#8220;O presidente deixou os governadores \u00e0 merc\u00ea da desgra\u00e7a que viria. O \u00fanico respons\u00e1vel pelos [mais de] 400 mil mortes que tem a\u00ed tem&hellip;<\/p>\n","protected":false},"author":1,"featured_media":21655,"comment_status":"open","ping_status":"open","sticky":false,"template":"","format":"standard","meta":{"footnotes":""},"categories":[1],"tags":[],"class_list":["post-21654","post","type-post","status-publish","format-standard","has-post-thumbnail","hentry","category-noticias"],"_links":{"self":[{"href":"https:\/\/blogdorogeriogomes.com.br\/noticias\/wp-json\/wp\/v2\/posts\/21654","targetHints":{"allow":["GET"]}}],"collection":[{"href":"https:\/\/blogdorogeriogomes.com.br\/noticias\/wp-json\/wp\/v2\/posts"}],"about":[{"href":"https:\/\/blogdorogeriogomes.com.br\/noticias\/wp-json\/wp\/v2\/types\/post"}],"author":[{"embeddable":true,"href":"https:\/\/blogdorogeriogomes.com.br\/noticias\/wp-json\/wp\/v2\/users\/1"}],"replies":[{"embeddable":true,"href":"https:\/\/blogdorogeriogomes.com.br\/noticias\/wp-json\/wp\/v2\/comments?post=21654"}],"version-history":[{"count":1,"href":"https:\/\/blogdorogeriogomes.com.br\/noticias\/wp-json\/wp\/v2\/posts\/21654\/revisions"}],"predecessor-version":[{"id":21656,"href":"https:\/\/blogdorogeriogomes.com.br\/noticias\/wp-json\/wp\/v2\/posts\/21654\/revisions\/21656"}],"wp:featuredmedia":[{"embeddable":true,"href":"https:\/\/blogdorogeriogomes.com.br\/noticias\/wp-json\/wp\/v2\/media\/21655"}],"wp:attachment":[{"href":"https:\/\/blogdorogeriogomes.com.br\/noticias\/wp-json\/wp\/v2\/media?parent=21654"}],"wp:term":[{"taxonomy":"category","embeddable":true,"href":"https:\/\/blogdorogeriogomes.com.br\/noticias\/wp-json\/wp\/v2\/categories?post=21654"},{"taxonomy":"post_tag","embeddable":true,"href":"https:\/\/blogdorogeriogomes.com.br\/noticias\/wp-json\/wp\/v2\/tags?post=21654"}],"curies":[{"name":"wp","href":"https:\/\/api.w.org\/{rel}","templated":true}]}}