{"id":21657,"date":"2021-06-16T22:46:15","date_gmt":"2021-06-16T22:46:15","guid":{"rendered":"https:\/\/blogdorogeriogomes.com.br\/?p=21657"},"modified":"2021-06-17T14:49:13","modified_gmt":"2021-06-17T14:49:13","slug":"projeto-amplia-idade-maxima-para-veiculos-de-aplicativos-em-fortaleza","status":"publish","type":"post","link":"https:\/\/blogdorogeriogomes.com.br\/noticias\/2021\/06\/projeto-amplia-idade-maxima-para-veiculos-de-aplicativos-em-fortaleza\/","title":{"rendered":"Projeto amplia idade m\u00e1xima para ve\u00edculos de aplicativos em Fortaleza"},"content":{"rendered":"\n<p>Um projeto que tramita na C\u00e2mara Municipal de Fortaleza pretende ampliar, de forma tempor\u00e1ria, a idade m\u00e1xima dos carros por aplicativo na capital. Os motoristas que possuem carros fabricados no ano de 2013 precisam realizar a troca do ve\u00edculo neste ano, mas a medida visa ampliar o prazo para troca at\u00e9 31 de janeiro de 2022.<br>Se o projeto for aprovado, possibilitar\u00e1 que os ve\u00edculos que tenham atingido a idade m\u00e1xima permane\u00e7am no sistema, mesmo tendo expirado o prazo de 8 anos da sua fabrica\u00e7\u00e3o. Por\u00e9m a prefeitura faz uma \u00fanica exig\u00eancia, de que esses ve\u00edculos passem por uma vistoria da Empresa de Transporte Urbano de Fortaleza (Etufor), com a finalidade de que sejam atestados os itens de seguran\u00e7a e conforto na presta\u00e7\u00e3o do servi\u00e7o.<br>O Executivo defende a necessidade de amparar a classe por causa dos impactos negativos provocados pela segunda onda da pandemia, que aconteceu entre os meses de mar\u00e7o e maio deste ano.<\/p>\n\n\n\n<figure class=\"wp-block-image size-large\"><img loading=\"lazy\" decoding=\"async\" width=\"768\" height=\"512\" src=\"https:\/\/blogdorogeriogomes.com.br\/wp-content\/uploads\/2021\/06\/IMG-20210616-WA0093.jpg\" alt=\"\" class=\"wp-image-21658\" srcset=\"https:\/\/blogdorogeriogomes.com.br\/noticias\/wp-content\/uploads\/2021\/06\/IMG-20210616-WA0093.jpg 768w, https:\/\/blogdorogeriogomes.com.br\/noticias\/wp-content\/uploads\/2021\/06\/IMG-20210616-WA0093-300x200.jpg 300w\" sizes=\"auto, (max-width: 768px) 100vw, 768px\" \/><\/figure>\n","protected":false},"excerpt":{"rendered":"<p>Um projeto que tramita na C\u00e2mara Municipal de Fortaleza pretende ampliar, de forma tempor\u00e1ria, a idade m\u00e1xima dos carros por aplicativo na capital. Os motoristas que possuem carros fabricados no ano de 2013 precisam realizar a troca do ve\u00edculo neste ano, mas a medida visa ampliar o prazo para troca at\u00e9 31 de janeiro de 2022.Se o projeto for aprovado, possibilitar\u00e1 que os ve\u00edculos que tenham atingido a idade m\u00e1xima permane\u00e7am no sistema, mesmo tendo expirado o prazo de&hellip;<\/p>\n","protected":false},"author":1,"featured_media":21658,"comment_status":"open","ping_status":"open","sticky":false,"template":"","format":"standard","meta":{"footnotes":""},"categories":[1],"tags":[],"class_list":["post-21657","post","type-post","status-publish","format-standard","has-post-thumbnail","hentry","category-noticias"],"_links":{"self":[{"href":"https:\/\/blogdorogeriogomes.com.br\/noticias\/wp-json\/wp\/v2\/posts\/21657","targetHints":{"allow":["GET"]}}],"collection":[{"href":"https:\/\/blogdorogeriogomes.com.br\/noticias\/wp-json\/wp\/v2\/posts"}],"about":[{"href":"https:\/\/blogdorogeriogomes.com.br\/noticias\/wp-json\/wp\/v2\/types\/post"}],"author":[{"embeddable":true,"href":"https:\/\/blogdorogeriogomes.com.br\/noticias\/wp-json\/wp\/v2\/users\/1"}],"replies":[{"embeddable":true,"href":"https:\/\/blogdorogeriogomes.com.br\/noticias\/wp-json\/wp\/v2\/comments?post=21657"}],"version-history":[{"count":1,"href":"https:\/\/blogdorogeriogomes.com.br\/noticias\/wp-json\/wp\/v2\/posts\/21657\/revisions"}],"predecessor-version":[{"id":21659,"href":"https:\/\/blogdorogeriogomes.com.br\/noticias\/wp-json\/wp\/v2\/posts\/21657\/revisions\/21659"}],"wp:featuredmedia":[{"embeddable":true,"href":"https:\/\/blogdorogeriogomes.com.br\/noticias\/wp-json\/wp\/v2\/media\/21658"}],"wp:attachment":[{"href":"https:\/\/blogdorogeriogomes.com.br\/noticias\/wp-json\/wp\/v2\/media?parent=21657"}],"wp:term":[{"taxonomy":"category","embeddable":true,"href":"https:\/\/blogdorogeriogomes.com.br\/noticias\/wp-json\/wp\/v2\/categories?post=21657"},{"taxonomy":"post_tag","embeddable":true,"href":"https:\/\/blogdorogeriogomes.com.br\/noticias\/wp-json\/wp\/v2\/tags?post=21657"}],"curies":[{"name":"wp","href":"https:\/\/api.w.org\/{rel}","templated":true}]}}