{"id":21660,"date":"2021-06-17T10:08:28","date_gmt":"2021-06-17T10:08:28","guid":{"rendered":"https:\/\/blogdorogeriogomes.com.br\/?p=21660"},"modified":"2021-06-17T14:49:01","modified_gmt":"2021-06-17T14:49:01","slug":"fortaleza-tera-um-mutirao-junino-de-vacinacao-nesta-sexta-feira","status":"publish","type":"post","link":"https:\/\/blogdorogeriogomes.com.br\/noticias\/2021\/06\/fortaleza-tera-um-mutirao-junino-de-vacinacao-nesta-sexta-feira\/","title":{"rendered":"Fortaleza ter\u00e1 um &#8220;mutir\u00e3o junino&#8221; de vacina\u00e7\u00e3o nesta sexta-feira"},"content":{"rendered":"\n<p>O Centro de Eventos do Cear\u00e1, em Fortaleza, ter\u00e1 o primeiro Arrai\u00e1 da Vacina\u00e7\u00e3o contra a Covid-19, nesta sexta-feira, o dia 18 de junho, com aplica\u00e7\u00e3o de vacina de 9 \u00e0s 23 horas no p\u00fablico agendado. Ser\u00e3o 14 horas de atividades voltadas para garantir ainda mais celeridade na aplica\u00e7\u00e3o do imunizante, visando combater a propaga\u00e7\u00e3o do coronav\u00edrus na Capital.<\/p>\n\n\n\n<p>Durante a programa\u00e7\u00e3o, tamb\u00e9m haver\u00e1 apresenta\u00e7\u00f5es musicais e art\u00edsticas, em ritmo de S\u00e3o Jo\u00e3o, para animar o p\u00fablico e as equipes de profissionais que estar\u00e3o atuando no local. De acordo com o prefeito Jos\u00e9 Sarto, a ideia \u00e9 incentivar o engajamento do p\u00fablico na vacina\u00e7\u00e3o contra a Covid-19.<\/p>\n\n\n\n<p>O governador Camilo Santana confirmou que o Cear\u00e1 vai receber nesta semana mais 161.280 doses de vacinas contra a Covid-19. Ser\u00e3o 98.280 doses da Pfizer e 63.000 da CoronaVac, que volta a ser enviada ap\u00f3s um m\u00eas.<\/p>\n\n\n\n<figure class=\"wp-block-image size-large\"><img loading=\"lazy\" decoding=\"async\" width=\"1024\" height=\"683\" src=\"https:\/\/blogdorogeriogomes.com.br\/wp-content\/uploads\/2021\/06\/ASM_3961-1024x683-1.jpg\" alt=\"\" class=\"wp-image-21662\" srcset=\"https:\/\/blogdorogeriogomes.com.br\/noticias\/wp-content\/uploads\/2021\/06\/ASM_3961-1024x683-1.jpg 1024w, https:\/\/blogdorogeriogomes.com.br\/noticias\/wp-content\/uploads\/2021\/06\/ASM_3961-1024x683-1-300x200.jpg 300w, https:\/\/blogdorogeriogomes.com.br\/noticias\/wp-content\/uploads\/2021\/06\/ASM_3961-1024x683-1-768x512.jpg 768w, https:\/\/blogdorogeriogomes.com.br\/noticias\/wp-content\/uploads\/2021\/06\/ASM_3961-1024x683-1-800x534.jpg 800w\" sizes=\"auto, (max-width: 1024px) 100vw, 1024px\" \/><\/figure>\n\n\n\n<p><\/p>\n","protected":false},"excerpt":{"rendered":"<p>O Centro de Eventos do Cear\u00e1, em Fortaleza, ter\u00e1 o primeiro Arrai\u00e1 da Vacina\u00e7\u00e3o contra a Covid-19, nesta sexta-feira, o dia 18 de junho, com aplica\u00e7\u00e3o de vacina de 9 \u00e0s 23 horas no p\u00fablico agendado. Ser\u00e3o 14 horas de atividades voltadas para garantir ainda mais celeridade na aplica\u00e7\u00e3o do imunizante, visando combater a propaga\u00e7\u00e3o do coronav\u00edrus na Capital. Durante a programa\u00e7\u00e3o, tamb\u00e9m haver\u00e1 apresenta\u00e7\u00f5es musicais e art\u00edsticas, em ritmo de S\u00e3o Jo\u00e3o, para animar o p\u00fablico e as&hellip;<\/p>\n","protected":false},"author":1,"featured_media":21662,"comment_status":"open","ping_status":"open","sticky":false,"template":"","format":"standard","meta":{"footnotes":""},"categories":[1],"tags":[],"class_list":["post-21660","post","type-post","status-publish","format-standard","has-post-thumbnail","hentry","category-noticias"],"_links":{"self":[{"href":"https:\/\/blogdorogeriogomes.com.br\/noticias\/wp-json\/wp\/v2\/posts\/21660","targetHints":{"allow":["GET"]}}],"collection":[{"href":"https:\/\/blogdorogeriogomes.com.br\/noticias\/wp-json\/wp\/v2\/posts"}],"about":[{"href":"https:\/\/blogdorogeriogomes.com.br\/noticias\/wp-json\/wp\/v2\/types\/post"}],"author":[{"embeddable":true,"href":"https:\/\/blogdorogeriogomes.com.br\/noticias\/wp-json\/wp\/v2\/users\/1"}],"replies":[{"embeddable":true,"href":"https:\/\/blogdorogeriogomes.com.br\/noticias\/wp-json\/wp\/v2\/comments?post=21660"}],"version-history":[{"count":1,"href":"https:\/\/blogdorogeriogomes.com.br\/noticias\/wp-json\/wp\/v2\/posts\/21660\/revisions"}],"predecessor-version":[{"id":21663,"href":"https:\/\/blogdorogeriogomes.com.br\/noticias\/wp-json\/wp\/v2\/posts\/21660\/revisions\/21663"}],"wp:featuredmedia":[{"embeddable":true,"href":"https:\/\/blogdorogeriogomes.com.br\/noticias\/wp-json\/wp\/v2\/media\/21662"}],"wp:attachment":[{"href":"https:\/\/blogdorogeriogomes.com.br\/noticias\/wp-json\/wp\/v2\/media?parent=21660"}],"wp:term":[{"taxonomy":"category","embeddable":true,"href":"https:\/\/blogdorogeriogomes.com.br\/noticias\/wp-json\/wp\/v2\/categories?post=21660"},{"taxonomy":"post_tag","embeddable":true,"href":"https:\/\/blogdorogeriogomes.com.br\/noticias\/wp-json\/wp\/v2\/tags?post=21660"}],"curies":[{"name":"wp","href":"https:\/\/api.w.org\/{rel}","templated":true}]}}