{"id":21672,"date":"2021-06-17T21:36:12","date_gmt":"2021-06-17T21:36:12","guid":{"rendered":"https:\/\/blogdorogeriogomes.com.br\/?p=21672"},"modified":"2021-06-20T09:52:28","modified_gmt":"2021-06-20T09:52:28","slug":"senado-aprova-texto-base-que-autoriza-a-privatizacao-da-eletrobras-camara-ainda-volta-a-analisar-proposta","status":"publish","type":"post","link":"https:\/\/blogdorogeriogomes.com.br\/noticias\/2021\/06\/senado-aprova-texto-base-que-autoriza-a-privatizacao-da-eletrobras-camara-ainda-volta-a-analisar-proposta\/","title":{"rendered":"Senado aprova texto-base que autoriza a privatiza\u00e7\u00e3o da Eletrobras. C\u00e2mara ainda volta a analisar proposta"},"content":{"rendered":"\n<p>O Senado Federal aprovou nesta quinta-feira, dia 17 de junho, o texto-base da Medida Provis\u00f3ria de privatiza\u00e7\u00e3o da Eletrobras, holding gigante do setor el\u00e9trico brasileiro, por 42 votos a favor e 37 contra. Conclu\u00edda a vota\u00e7\u00e3o no Senado, o texto dever\u00e1 ser votado novamente na C\u00e2mara dos Deputados. Ele precisa ser aprovado pelo Congresso Nacional at\u00e9 22 de junho, ou perde a validade.<\/p>\n\n\n\n<p>O Governo Bolsonaro afirma que a privatiza\u00e7\u00e3o da Eletrobras pode reduzir a conta de luz em at\u00e9 7,36%. No entanto, as entidades do setor el\u00e9trico dizem que a conta pode ficar mais cara, principalmente, diante de um cen\u00e1rio de racionamento que se aproxima com a escassez de chuvas que faz cair a produ\u00e7\u00e3o da energia hidrel\u00e9trica.<\/p>\n\n\n\n<figure class=\"wp-block-image size-large\"><img loading=\"lazy\" decoding=\"async\" width=\"678\" height=\"452\" src=\"https:\/\/blogdorogeriogomes.com.br\/wp-content\/uploads\/2021\/06\/images-52.jpeg\" alt=\"\" class=\"wp-image-21673\" srcset=\"https:\/\/blogdorogeriogomes.com.br\/noticias\/wp-content\/uploads\/2021\/06\/images-52.jpeg 678w, https:\/\/blogdorogeriogomes.com.br\/noticias\/wp-content\/uploads\/2021\/06\/images-52-300x200.jpeg 300w\" sizes=\"auto, (max-width: 678px) 100vw, 678px\" \/><\/figure>\n","protected":false},"excerpt":{"rendered":"<p>O Senado Federal aprovou nesta quinta-feira, dia 17 de junho, o texto-base da Medida Provis\u00f3ria de privatiza\u00e7\u00e3o da Eletrobras, holding gigante do setor el\u00e9trico brasileiro, por 42 votos a favor e 37 contra. Conclu\u00edda a vota\u00e7\u00e3o no Senado, o texto dever\u00e1 ser votado novamente na C\u00e2mara dos Deputados. Ele precisa ser aprovado pelo Congresso Nacional at\u00e9 22 de junho, ou perde a validade. O Governo Bolsonaro afirma que a privatiza\u00e7\u00e3o da Eletrobras pode reduzir a conta de luz em&hellip;<\/p>\n","protected":false},"author":1,"featured_media":21673,"comment_status":"open","ping_status":"open","sticky":false,"template":"","format":"standard","meta":{"footnotes":""},"categories":[1],"tags":[],"class_list":["post-21672","post","type-post","status-publish","format-standard","has-post-thumbnail","hentry","category-noticias"],"_links":{"self":[{"href":"https:\/\/blogdorogeriogomes.com.br\/noticias\/wp-json\/wp\/v2\/posts\/21672","targetHints":{"allow":["GET"]}}],"collection":[{"href":"https:\/\/blogdorogeriogomes.com.br\/noticias\/wp-json\/wp\/v2\/posts"}],"about":[{"href":"https:\/\/blogdorogeriogomes.com.br\/noticias\/wp-json\/wp\/v2\/types\/post"}],"author":[{"embeddable":true,"href":"https:\/\/blogdorogeriogomes.com.br\/noticias\/wp-json\/wp\/v2\/users\/1"}],"replies":[{"embeddable":true,"href":"https:\/\/blogdorogeriogomes.com.br\/noticias\/wp-json\/wp\/v2\/comments?post=21672"}],"version-history":[{"count":1,"href":"https:\/\/blogdorogeriogomes.com.br\/noticias\/wp-json\/wp\/v2\/posts\/21672\/revisions"}],"predecessor-version":[{"id":21674,"href":"https:\/\/blogdorogeriogomes.com.br\/noticias\/wp-json\/wp\/v2\/posts\/21672\/revisions\/21674"}],"wp:featuredmedia":[{"embeddable":true,"href":"https:\/\/blogdorogeriogomes.com.br\/noticias\/wp-json\/wp\/v2\/media\/21673"}],"wp:attachment":[{"href":"https:\/\/blogdorogeriogomes.com.br\/noticias\/wp-json\/wp\/v2\/media?parent=21672"}],"wp:term":[{"taxonomy":"category","embeddable":true,"href":"https:\/\/blogdorogeriogomes.com.br\/noticias\/wp-json\/wp\/v2\/categories?post=21672"},{"taxonomy":"post_tag","embeddable":true,"href":"https:\/\/blogdorogeriogomes.com.br\/noticias\/wp-json\/wp\/v2\/tags?post=21672"}],"curies":[{"name":"wp","href":"https:\/\/api.w.org\/{rel}","templated":true}]}}