{"id":21675,"date":"2021-06-17T23:11:48","date_gmt":"2021-06-17T23:11:48","guid":{"rendered":"https:\/\/blogdorogeriogomes.com.br\/?p=21675"},"modified":"2021-06-20T09:52:02","modified_gmt":"2021-06-20T09:52:02","slug":"industria-reage-e-pib-do-ceara-melhora-114-entre-janeiro-e-marco","status":"publish","type":"post","link":"https:\/\/blogdorogeriogomes.com.br\/noticias\/2021\/06\/industria-reage-e-pib-do-ceara-melhora-114-entre-janeiro-e-marco\/","title":{"rendered":"Ind\u00fastria reage e PIB do Cear\u00e1 melhora 1,14% entre janeiro e mar\u00e7o"},"content":{"rendered":"\n<p>Os meses de janeiro, fevereiro e mar\u00e7o deste ano representaram um avan\u00e7o de 1,4% no Produto Interno Bruto (PIB) do Cear\u00e1 quando comparado ao mesmo per\u00edodo do ano passado, quando a economia ainda n\u00e3o havia sido prejudicada pela pandemia. De acordo com os dados apresentados pelo Instituto de Pesquisa e Estrat\u00e9gia Econ\u00f4mica do Cear\u00e1 (Ipece) nesta quinta-feira, dia 17 de junho, a ind\u00fastria foi respons\u00e1vel pelo desempenho pois entre os setores produtivos, o industrial saltou 7,17% entre janeiro e mar\u00e7o deste ano ante igual per\u00edodo de 2020.<br>A agropecu\u00e1ria tamb\u00e9m continuou crescendo e aumentou 1,8%, por\u00e9m os servi\u00e7os foram castigados com o segundo lockdown e a ressaca do fim de 2020 e acabaram recuando 0,51%.<br>Nenhum dos percentuais superou as m\u00e9dias nacionais. Quando comparado ao quatro trimestre do ano passado, O PIB Cear\u00e1 tamb\u00e9m amarga retra\u00e7\u00e3o de 1,4%. No acumulado dos \u00faltimos 4 trimestres, o recuo chega a 3,68%.<\/p>\n\n\n\n<figure class=\"wp-block-image size-large\"><img loading=\"lazy\" decoding=\"async\" width=\"678\" height=\"452\" src=\"https:\/\/blogdorogeriogomes.com.br\/wp-content\/uploads\/2021\/06\/IMG-20210617-WA0164.jpg\" alt=\"\" class=\"wp-image-21676\" srcset=\"https:\/\/blogdorogeriogomes.com.br\/noticias\/wp-content\/uploads\/2021\/06\/IMG-20210617-WA0164.jpg 678w, https:\/\/blogdorogeriogomes.com.br\/noticias\/wp-content\/uploads\/2021\/06\/IMG-20210617-WA0164-300x200.jpg 300w\" sizes=\"auto, (max-width: 678px) 100vw, 678px\" \/><\/figure>\n","protected":false},"excerpt":{"rendered":"<p>Os meses de janeiro, fevereiro e mar\u00e7o deste ano representaram um avan\u00e7o de 1,4% no Produto Interno Bruto (PIB) do Cear\u00e1 quando comparado ao mesmo per\u00edodo do ano passado, quando a economia ainda n\u00e3o havia sido prejudicada pela pandemia. De acordo com os dados apresentados pelo Instituto de Pesquisa e Estrat\u00e9gia Econ\u00f4mica do Cear\u00e1 (Ipece) nesta quinta-feira, dia 17 de junho, a ind\u00fastria foi respons\u00e1vel pelo desempenho pois entre os setores produtivos, o industrial saltou 7,17% entre janeiro e&hellip;<\/p>\n","protected":false},"author":1,"featured_media":21676,"comment_status":"open","ping_status":"open","sticky":false,"template":"","format":"standard","meta":{"footnotes":""},"categories":[1],"tags":[],"class_list":["post-21675","post","type-post","status-publish","format-standard","has-post-thumbnail","hentry","category-noticias"],"_links":{"self":[{"href":"https:\/\/blogdorogeriogomes.com.br\/noticias\/wp-json\/wp\/v2\/posts\/21675","targetHints":{"allow":["GET"]}}],"collection":[{"href":"https:\/\/blogdorogeriogomes.com.br\/noticias\/wp-json\/wp\/v2\/posts"}],"about":[{"href":"https:\/\/blogdorogeriogomes.com.br\/noticias\/wp-json\/wp\/v2\/types\/post"}],"author":[{"embeddable":true,"href":"https:\/\/blogdorogeriogomes.com.br\/noticias\/wp-json\/wp\/v2\/users\/1"}],"replies":[{"embeddable":true,"href":"https:\/\/blogdorogeriogomes.com.br\/noticias\/wp-json\/wp\/v2\/comments?post=21675"}],"version-history":[{"count":1,"href":"https:\/\/blogdorogeriogomes.com.br\/noticias\/wp-json\/wp\/v2\/posts\/21675\/revisions"}],"predecessor-version":[{"id":21677,"href":"https:\/\/blogdorogeriogomes.com.br\/noticias\/wp-json\/wp\/v2\/posts\/21675\/revisions\/21677"}],"wp:featuredmedia":[{"embeddable":true,"href":"https:\/\/blogdorogeriogomes.com.br\/noticias\/wp-json\/wp\/v2\/media\/21676"}],"wp:attachment":[{"href":"https:\/\/blogdorogeriogomes.com.br\/noticias\/wp-json\/wp\/v2\/media?parent=21675"}],"wp:term":[{"taxonomy":"category","embeddable":true,"href":"https:\/\/blogdorogeriogomes.com.br\/noticias\/wp-json\/wp\/v2\/categories?post=21675"},{"taxonomy":"post_tag","embeddable":true,"href":"https:\/\/blogdorogeriogomes.com.br\/noticias\/wp-json\/wp\/v2\/tags?post=21675"}],"curies":[{"name":"wp","href":"https:\/\/api.w.org\/{rel}","templated":true}]}}