{"id":21678,"date":"2021-06-18T10:08:21","date_gmt":"2021-06-18T10:08:21","guid":{"rendered":"https:\/\/blogdorogeriogomes.com.br\/?p=21678"},"modified":"2021-06-20T09:51:36","modified_gmt":"2021-06-20T09:51:36","slug":"cariri-e-a-unica-regiao-do-ceara-sem-nenhuma-flexibilizacao-por-causa-de-casos-e-mortes-por-covid-19","status":"publish","type":"post","link":"https:\/\/blogdorogeriogomes.com.br\/noticias\/2021\/06\/cariri-e-a-unica-regiao-do-ceara-sem-nenhuma-flexibilizacao-por-causa-de-casos-e-mortes-por-covid-19\/","title":{"rendered":"Cariri \u00e9 a \u00fanica regi\u00e3o do Cear\u00e1 sem nenhuma flexibiliza\u00e7\u00e3o por causa de casos e mortes por Covid-19"},"content":{"rendered":"\n<p>A cada fim de semana, o Governo do Cear\u00e1 tem promovido algum tipo de abertura econ\u00f4mica por causa das melhoras nos n\u00fameros da Covid-19 no Estado. Mas a regi\u00e3o do Cariri \u00e9 a \u00fanica que ainda est\u00e1 em situa\u00e7\u00e3o de alerta sanit\u00e1rio m\u00e1ximo. Os destaques ficam para os tr\u00eas maiores munic\u00edpios da regi\u00e3o, que apresentam os maiores n\u00fameros de casos e mortes pela doen\u00e7a: Juazeiro do Norte, Crato e Barbalha.<\/p>\n\n\n\n<p>Em Juazeiro do Norte, que \u00e9 a maior cidade do interior do Cear\u00e1, foram 54 mortes por coronav\u00edrus nos \u00faltimos 30 dias. Este \u00e9 o n\u00famero mais alto em 2021 quando observado o intervalo de 30 dias. O n\u00famero de casos teve queda, mas a m\u00e9dia di\u00e1ria ainda \u00e9 alta. S\u00e3o 63 confirma\u00e7\u00f5es a cada 24 horas.<\/p>\n\n\n\n<p>Em Crato, que tem pouco mais de 133 mil habitantes, foram 15 mortes nos \u00faltimos 30 dias, segundo o IntegraSUS, plataforma da Secretaria da Sa\u00fade do Estado. No m\u00eas anterior, foram 35 \u00f3bitos. Tamb\u00e9m houve redu\u00e7\u00e3o no n\u00famero de casos.<\/p>\n\n\n\n<p>J\u00e1 em Barbalha, com pouco mais de 62 mil moradores, houve redu\u00e7\u00e3o no n\u00famero de casos nos \u00faltimos 30 dias. Foram 789 casos, o que representou uma queda de 52%. No entanto, os \u00f3bitos aumentaram, saindo de 27 para 31 no \u00faltimo m\u00eas.&nbsp;<\/p>\n\n\n\n<figure class=\"wp-block-image size-large\"><img loading=\"lazy\" decoding=\"async\" width=\"739\" height=\"415\" src=\"https:\/\/blogdorogeriogomes.com.br\/wp-content\/uploads\/2021\/06\/images-53.jpeg\" alt=\"\" class=\"wp-image-21679\" srcset=\"https:\/\/blogdorogeriogomes.com.br\/noticias\/wp-content\/uploads\/2021\/06\/images-53.jpeg 739w, https:\/\/blogdorogeriogomes.com.br\/noticias\/wp-content\/uploads\/2021\/06\/images-53-300x168.jpeg 300w\" sizes=\"auto, (max-width: 739px) 100vw, 739px\" \/><\/figure>\n","protected":false},"excerpt":{"rendered":"<p>A cada fim de semana, o Governo do Cear\u00e1 tem promovido algum tipo de abertura econ\u00f4mica por causa das melhoras nos n\u00fameros da Covid-19 no Estado. Mas a regi\u00e3o do Cariri \u00e9 a \u00fanica que ainda est\u00e1 em situa\u00e7\u00e3o de alerta sanit\u00e1rio m\u00e1ximo. Os destaques ficam para os tr\u00eas maiores munic\u00edpios da regi\u00e3o, que apresentam os maiores n\u00fameros de casos e mortes pela doen\u00e7a: Juazeiro do Norte, Crato e Barbalha. Em Juazeiro do Norte, que \u00e9 a maior cidade&hellip;<\/p>\n","protected":false},"author":1,"featured_media":21679,"comment_status":"open","ping_status":"open","sticky":false,"template":"","format":"standard","meta":{"footnotes":""},"categories":[1],"tags":[],"class_list":["post-21678","post","type-post","status-publish","format-standard","has-post-thumbnail","hentry","category-noticias"],"_links":{"self":[{"href":"https:\/\/blogdorogeriogomes.com.br\/noticias\/wp-json\/wp\/v2\/posts\/21678","targetHints":{"allow":["GET"]}}],"collection":[{"href":"https:\/\/blogdorogeriogomes.com.br\/noticias\/wp-json\/wp\/v2\/posts"}],"about":[{"href":"https:\/\/blogdorogeriogomes.com.br\/noticias\/wp-json\/wp\/v2\/types\/post"}],"author":[{"embeddable":true,"href":"https:\/\/blogdorogeriogomes.com.br\/noticias\/wp-json\/wp\/v2\/users\/1"}],"replies":[{"embeddable":true,"href":"https:\/\/blogdorogeriogomes.com.br\/noticias\/wp-json\/wp\/v2\/comments?post=21678"}],"version-history":[{"count":2,"href":"https:\/\/blogdorogeriogomes.com.br\/noticias\/wp-json\/wp\/v2\/posts\/21678\/revisions"}],"predecessor-version":[{"id":21696,"href":"https:\/\/blogdorogeriogomes.com.br\/noticias\/wp-json\/wp\/v2\/posts\/21678\/revisions\/21696"}],"wp:featuredmedia":[{"embeddable":true,"href":"https:\/\/blogdorogeriogomes.com.br\/noticias\/wp-json\/wp\/v2\/media\/21679"}],"wp:attachment":[{"href":"https:\/\/blogdorogeriogomes.com.br\/noticias\/wp-json\/wp\/v2\/media?parent=21678"}],"wp:term":[{"taxonomy":"category","embeddable":true,"href":"https:\/\/blogdorogeriogomes.com.br\/noticias\/wp-json\/wp\/v2\/categories?post=21678"},{"taxonomy":"post_tag","embeddable":true,"href":"https:\/\/blogdorogeriogomes.com.br\/noticias\/wp-json\/wp\/v2\/tags?post=21678"}],"curies":[{"name":"wp","href":"https:\/\/api.w.org\/{rel}","templated":true}]}}